{"id":32908,"date":"2009-11-25T13:30:32","date_gmt":"2009-11-25T13:30:32","guid":{"rendered":"http:\/\/www.pcnen.com\/portal\/?p=32908"},"modified":"2009-11-25T13:30:32","modified_gmt":"2009-11-25T13:30:32","slug":"spc-ko-ce-biti-novi-patrijarh","status":"publish","type":"post","link":"https:\/\/www.pcnen.com\/portal\/2009\/11\/25\/spc-ko-ce-biti-novi-patrijarh\/","title":{"rendered":"SPC: Ko \u0107e biti novi patrijarh?"},"content":{"rendered":"<p>Svaki vladika ili sve&scaron;tenik na pitanje ko \u0107e biti novi patrijarh SPC, odgovora: &quot;To samo zna Sveti Duh&quot;, pi&scaron;e beogradski <em><a href=\"http:\/\/www.blic.rs\/temadana.php?id=122288\">Blic<\/a><\/em> i dodaje da je gotovo izvjesno koje vladike \u0107e nakon prvog kruga glasanja na izbornom Saboru imati najvi&scaron;e glasova. <\/p>\n<p>Prema saznanjima lista to su vladika zvorni\u010dko-tuzlanski Vasilije, mitropolit Amfilohije, ba\u010dki episkop Irinej i vladika zahumsko- hercegova\u010dki Grigorije. <\/p>\n<p>Svaki vladika na Saboru glasa za tri kandidata. Da bi kandidat bio izabran u \u017erijeb, odnosno da mu se ime na\u0111e u Jevan\u0111elju na Svetom prestolu, potrebna su 22 glasa. Poslije biranja prvog u \u017erijebu, vladike glasaju za po dva kandidata, a poslije izbora drugog, za jednog kandidata. Iako je to izvodljivo, malo je izgledno da se ve\u0107 u prvom krugu dobiju sva trojica kandidata, pi&scaron;e&nbsp;list.&nbsp;<\/p>\n<p>Najvi&scaron;e izgleda da pro\u0111e odmah prvi krug ima vladika zvorni\u010dko-tuzlanski Vasilije. Ovaj vladika ima sigurnih 11 glasova, a mo\u017ee se sa sigurno&scaron;\u0107u pretpostaviti da \u0107e najmanje 17 vladika zaokru\u017eiti njegovo ime.<\/p>\n","protected":false},"excerpt":{"rendered":"<p>Svaki vladika ili sve&scaron;tenik na pitanje ko \u0107e biti novi patrijarh SPC, odgovora: &quot;To samo zna Sveti Duh&quot;, pi&scaron;e beogradski Blic i dodaje da je gotovo izvjesno koje vladike \u0107e nakon prvog kruga glasanja na izbornom Saboru imati najvi&scaron;e glasova. Prema saznanjima lista to su vladika zvorni\u010dko-tuzlanski Vasilije, mitropolit Amfilohije, ba\u010dki episkop Irinej i vladika [&hellip;]<\/p>\n","protected":false},"author":1,"featured_media":0,"comment_status":"open","ping_status":"closed","sticky":false,"template":"","format":"standard","meta":{"_seopress_robots_primary_cat":"","_seopress_titles_title":"","_seopress_titles_desc":"","_seopress_robots_index":"","_et_pb_use_builder":"","_et_pb_old_content":"","_et_gb_content_width":"","inline_featured_image":false,"footnotes":""},"categories":[14],"tags":[],"class_list":["post-32908","post","type-post","status-publish","format-standard","hentry","category-vijesti"],"_links":{"self":[{"href":"https:\/\/www.pcnen.com\/portal\/wp-json\/wp\/v2\/posts\/32908","targetHints":{"allow":["GET"]}}],"collection":[{"href":"https:\/\/www.pcnen.com\/portal\/wp-json\/wp\/v2\/posts"}],"about":[{"href":"https:\/\/www.pcnen.com\/portal\/wp-json\/wp\/v2\/types\/post"}],"author":[{"embeddable":true,"href":"https:\/\/www.pcnen.com\/portal\/wp-json\/wp\/v2\/users\/1"}],"replies":[{"embeddable":true,"href":"https:\/\/www.pcnen.com\/portal\/wp-json\/wp\/v2\/comments?post=32908"}],"version-history":[{"count":0,"href":"https:\/\/www.pcnen.com\/portal\/wp-json\/wp\/v2\/posts\/32908\/revisions"}],"wp:attachment":[{"href":"https:\/\/www.pcnen.com\/portal\/wp-json\/wp\/v2\/media?parent=32908"}],"wp:term":[{"taxonomy":"category","embeddable":true,"href":"https:\/\/www.pcnen.com\/portal\/wp-json\/wp\/v2\/categories?post=32908"},{"taxonomy":"post_tag","embeddable":true,"href":"https:\/\/www.pcnen.com\/portal\/wp-json\/wp\/v2\/tags?post=32908"}],"curies":[{"name":"wp","href":"https:\/\/api.w.org\/{rel}","templated":true}]}}