{"id":32907,"date":"2009-11-25T14:07:20","date_gmt":"2009-11-25T14:07:20","guid":{"rendered":"http:\/\/www.pcnen.com\/portal\/?p=32907"},"modified":"2009-11-25T14:07:20","modified_gmt":"2009-11-25T14:07:20","slug":"pocela-kampanja-16-dana-aktivizma-protiv-nasilja-u-porodici","status":"publish","type":"post","link":"https:\/\/www.pcnen.com\/portal\/2009\/11\/25\/pocela-kampanja-16-dana-aktivizma-protiv-nasilja-u-porodici\/","title":{"rendered":"Po\u010dela kampanja &#8216;16 dana aktivizma protiv nasilja u porodici&#8217;"},"content":{"rendered":"<p>Dr\u017eava Crna Gora ne\u0107e zatvarati o\u010di pred problemom nasilja u porodici i odlu\u010dna je u namjeri da se takve pojave ne toleri&scaron;u, kazao je danas crnogorski predsjednik Filip Vujanovi\u0107.<\/p>\n<p>Prijemom kod Vujanovi\u0107a u rezidenciji na Cetinju ozna\u010den je po\u010detak kampanje &quot;16 dana aktivizma protiv nasilja u porodic &quot;, a prisustvovali su predstavnici me\u0111unarodnih organizacija i partnera u toj kampanji.<\/p>\n<p>&quot;Ovaj globalni problem nadilazi granice politika, kultura, ekonomija, religija, iskazuju\u0107i se u razli\u010ditim oblicima i ne zaobilaze\u0107i ni jedno dru&scaron;tvo. Statisti\u010dki podaci u Izvje&scaron;tajima UN pokazuju da se svaka tre\u0107a porodica suo\u010dila sa nasiljem&quot;, rekao je Vujanovi\u0107, prenosi <em>RSE<\/em>.<\/p>\n<p>U Crnoj Gori, prema njegovim rije\u010dima, situacija, na\u017ealost, nije posebno povoljnija.<\/p>\n<p>Crnogorski predsjednik je istakao da je Ministarstvo pravde, u saradnji sa timovima UN i OEBS, kao i ekspertima iz Hrvatske i Austrije, pripremilo Nacrt zakona o za&scaron;titi od nasilja u porodici. <\/p>\n","protected":false},"excerpt":{"rendered":"<p>Dr\u017eava Crna Gora ne\u0107e zatvarati o\u010di pred problemom nasilja u porodici i odlu\u010dna je u namjeri da se takve pojave ne toleri&scaron;u, kazao je danas crnogorski predsjednik Filip Vujanovi\u0107. Prijemom kod Vujanovi\u0107a u rezidenciji na Cetinju ozna\u010den je po\u010detak kampanje &quot;16 dana aktivizma protiv nasilja u porodic &quot;, a prisustvovali su predstavnici me\u0111unarodnih organizacija i [&hellip;]<\/p>\n","protected":false},"author":1,"featured_media":0,"comment_status":"open","ping_status":"closed","sticky":false,"template":"","format":"standard","meta":{"_seopress_robots_primary_cat":"","_seopress_titles_title":"","_seopress_titles_desc":"","_seopress_robots_index":"","_et_pb_use_builder":"","_et_pb_old_content":"","_et_gb_content_width":"","inline_featured_image":false,"footnotes":""},"categories":[14],"tags":[],"class_list":["post-32907","post","type-post","status-publish","format-standard","hentry","category-vijesti"],"_links":{"self":[{"href":"https:\/\/www.pcnen.com\/portal\/wp-json\/wp\/v2\/posts\/32907","targetHints":{"allow":["GET"]}}],"collection":[{"href":"https:\/\/www.pcnen.com\/portal\/wp-json\/wp\/v2\/posts"}],"about":[{"href":"https:\/\/www.pcnen.com\/portal\/wp-json\/wp\/v2\/types\/post"}],"author":[{"embeddable":true,"href":"https:\/\/www.pcnen.com\/portal\/wp-json\/wp\/v2\/users\/1"}],"replies":[{"embeddable":true,"href":"https:\/\/www.pcnen.com\/portal\/wp-json\/wp\/v2\/comments?post=32907"}],"version-history":[{"count":0,"href":"https:\/\/www.pcnen.com\/portal\/wp-json\/wp\/v2\/posts\/32907\/revisions"}],"wp:attachment":[{"href":"https:\/\/www.pcnen.com\/portal\/wp-json\/wp\/v2\/media?parent=32907"}],"wp:term":[{"taxonomy":"category","embeddable":true,"href":"https:\/\/www.pcnen.com\/portal\/wp-json\/wp\/v2\/categories?post=32907"},{"taxonomy":"post_tag","embeddable":true,"href":"https:\/\/www.pcnen.com\/portal\/wp-json\/wp\/v2\/tags?post=32907"}],"curies":[{"name":"wp","href":"https:\/\/api.w.org\/{rel}","templated":true}]}}