{"id":32906,"date":"2009-11-25T12:16:07","date_gmt":"2009-11-25T12:16:07","guid":{"rendered":"http:\/\/www.pcnen.com\/portal\/?p=32906"},"modified":"2009-11-25T12:16:07","modified_gmt":"2009-11-25T12:16:07","slug":"vasington-post-zatvara-dopisnistva-po-sad","status":"publish","type":"post","link":"https:\/\/www.pcnen.com\/portal\/2009\/11\/25\/vasington-post-zatvara-dopisnistva-po-sad\/","title":{"rendered":"&#8216;Va\u0161ington post&#8217; zatvara dopisni\u0161tva po SAD"},"content":{"rendered":"<p>Ameri\u010dki dnevnik <em>Va&scaron;ington post<\/em> zatvori\u0107e kancelarije u \u010cikagu, Los An\u0111elesu i Njujorku po&scaron;to \u0107e pa\u017enju usmjeriti na politiku i lokalne vijesti iz ameri\u010dke prijestonice.<\/p>\n<p>&quot;U vrijeme ograni\u010denih resursa i pove\u0107anog pritiska konkurencijne, potrebno je da koncentri&scaron;emo novinarske mogu\u0107nosti na centralni zadatak pokrivanja de&scaron;avanja u Va&scaron;ingtonu te vijesti, trendove i ideje koje oblikuju regionalnu i dr\u017eavnu politiku i rad vlade&quot;, navodi se u memorandumu glavnog i odgovornog urednika <em>Va&scaron;ington posta<\/em> Markusa Broklija zaposlenima.<\/p>\n<p>U memorandumu, do kojeg je do&scaron;la agencija <em>Rojters<\/em>, napominje se da \u0107e kancelarije biti zatvorene od 31. decembra.<\/p>\n<p>Vijest o zatvaranju kancelarija lista dolazi nakon &scaron;to je <em>Va&scaron;ington post<\/em> na svojoj internet stranici najavio otpu&scaron;tanja nekoliko radnika.<\/p>\n<p><em>Va&scaron;ington post<\/em> kao o mnogi drugi ameri\u010dki listovi suo\u010dava se sa sve manjim prihodima od reklama i tira\u017eom, po&scaron;to \u010ditaoci mnogo vi&scaron;e vijesti dobijaju besplatno na internetu.<\/p>\n","protected":false},"excerpt":{"rendered":"<p>Ameri\u010dki dnevnik Va&scaron;ington post zatvori\u0107e kancelarije u \u010cikagu, Los An\u0111elesu i Njujorku po&scaron;to \u0107e pa\u017enju usmjeriti na politiku i lokalne vijesti iz ameri\u010dke prijestonice. &quot;U vrijeme ograni\u010denih resursa i pove\u0107anog pritiska konkurencijne, potrebno je da koncentri&scaron;emo novinarske mogu\u0107nosti na centralni zadatak pokrivanja de&scaron;avanja u Va&scaron;ingtonu te vijesti, trendove i ideje koje oblikuju regionalnu i dr\u017eavnu [&hellip;]<\/p>\n","protected":false},"author":1,"featured_media":0,"comment_status":"open","ping_status":"closed","sticky":false,"template":"","format":"standard","meta":{"_seopress_robots_primary_cat":"","_seopress_titles_title":"","_seopress_titles_desc":"","_seopress_robots_index":"","_et_pb_use_builder":"","_et_pb_old_content":"","_et_gb_content_width":"","inline_featured_image":false,"footnotes":""},"categories":[14],"tags":[],"class_list":["post-32906","post","type-post","status-publish","format-standard","hentry","category-vijesti"],"_links":{"self":[{"href":"https:\/\/www.pcnen.com\/portal\/wp-json\/wp\/v2\/posts\/32906","targetHints":{"allow":["GET"]}}],"collection":[{"href":"https:\/\/www.pcnen.com\/portal\/wp-json\/wp\/v2\/posts"}],"about":[{"href":"https:\/\/www.pcnen.com\/portal\/wp-json\/wp\/v2\/types\/post"}],"author":[{"embeddable":true,"href":"https:\/\/www.pcnen.com\/portal\/wp-json\/wp\/v2\/users\/1"}],"replies":[{"embeddable":true,"href":"https:\/\/www.pcnen.com\/portal\/wp-json\/wp\/v2\/comments?post=32906"}],"version-history":[{"count":0,"href":"https:\/\/www.pcnen.com\/portal\/wp-json\/wp\/v2\/posts\/32906\/revisions"}],"wp:attachment":[{"href":"https:\/\/www.pcnen.com\/portal\/wp-json\/wp\/v2\/media?parent=32906"}],"wp:term":[{"taxonomy":"category","embeddable":true,"href":"https:\/\/www.pcnen.com\/portal\/wp-json\/wp\/v2\/categories?post=32906"},{"taxonomy":"post_tag","embeddable":true,"href":"https:\/\/www.pcnen.com\/portal\/wp-json\/wp\/v2\/tags?post=32906"}],"curies":[{"name":"wp","href":"https:\/\/api.w.org\/{rel}","templated":true}]}}