{"id":32899,"date":"2009-11-24T21:39:31","date_gmt":"2009-11-24T21:39:31","guid":{"rendered":"http:\/\/www.pcnen.com\/portal\/?p=32899"},"modified":"2009-11-24T21:39:31","modified_gmt":"2009-11-24T21:39:31","slug":"samoubistvo-slovenacke-vojnikinje-na-kosovu","status":"publish","type":"post","link":"https:\/\/www.pcnen.com\/portal\/2009\/11\/24\/samoubistvo-slovenacke-vojnikinje-na-kosovu\/","title":{"rendered":"Samoubistvo slovena\u010dke vojnikinje na Kosovu"},"content":{"rendered":"<p>Pripadnica kontigenta slovena\u010dke vojske umrla je danas popodne u bazi u Pe\u0107i na Kosovu od posljedica ranjavanja vatrenim oru\u017ejem, objavilo je slovena\u010dko Ministarstvo odbrane.<\/p>\n<p>Slovena\u010dka <em><a href=\"http:\/\/24ur.com\/novice\/slovenija\/na-kosovu-umrla-slovenska-vojakinja.html\">TV A-kanal<\/a><\/em> je javila da je vojnikinja izvr&scaron;ila samoubistvo, &scaron;to slu\u017ebeno nije ni potvrdilo ni demantovalo.<\/p>\n","protected":false},"excerpt":{"rendered":"<p>Pripadnica kontigenta slovena\u010dke vojske umrla je danas popodne u bazi u Pe\u0107i na Kosovu od posljedica ranjavanja vatrenim oru\u017ejem, objavilo je slovena\u010dko Ministarstvo odbrane. Slovena\u010dka TV A-kanal je javila da je vojnikinja izvr&scaron;ila samoubistvo, &scaron;to slu\u017ebeno nije ni potvrdilo ni demantovalo.<\/p>\n","protected":false},"author":1,"featured_media":0,"comment_status":"open","ping_status":"closed","sticky":false,"template":"","format":"standard","meta":{"_seopress_robots_primary_cat":"","_seopress_titles_title":"","_seopress_titles_desc":"","_seopress_robots_index":"","_et_pb_use_builder":"","_et_pb_old_content":"","_et_gb_content_width":"","inline_featured_image":false,"footnotes":""},"categories":[14],"tags":[],"class_list":["post-32899","post","type-post","status-publish","format-standard","hentry","category-vijesti"],"_links":{"self":[{"href":"https:\/\/www.pcnen.com\/portal\/wp-json\/wp\/v2\/posts\/32899","targetHints":{"allow":["GET"]}}],"collection":[{"href":"https:\/\/www.pcnen.com\/portal\/wp-json\/wp\/v2\/posts"}],"about":[{"href":"https:\/\/www.pcnen.com\/portal\/wp-json\/wp\/v2\/types\/post"}],"author":[{"embeddable":true,"href":"https:\/\/www.pcnen.com\/portal\/wp-json\/wp\/v2\/users\/1"}],"replies":[{"embeddable":true,"href":"https:\/\/www.pcnen.com\/portal\/wp-json\/wp\/v2\/comments?post=32899"}],"version-history":[{"count":0,"href":"https:\/\/www.pcnen.com\/portal\/wp-json\/wp\/v2\/posts\/32899\/revisions"}],"wp:attachment":[{"href":"https:\/\/www.pcnen.com\/portal\/wp-json\/wp\/v2\/media?parent=32899"}],"wp:term":[{"taxonomy":"category","embeddable":true,"href":"https:\/\/www.pcnen.com\/portal\/wp-json\/wp\/v2\/categories?post=32899"},{"taxonomy":"post_tag","embeddable":true,"href":"https:\/\/www.pcnen.com\/portal\/wp-json\/wp\/v2\/tags?post=32899"}],"curies":[{"name":"wp","href":"https:\/\/api.w.org\/{rel}","templated":true}]}}