{"id":32890,"date":"2009-11-24T12:36:22","date_gmt":"2009-11-24T12:36:22","guid":{"rendered":"http:\/\/www.pcnen.com\/portal\/?p=32890"},"modified":"2009-11-24T12:36:22","modified_gmt":"2009-11-24T12:36:22","slug":"klimatske-promjene-gore-od-ocekivanog","status":"publish","type":"post","link":"https:\/\/www.pcnen.com\/portal\/2009\/11\/24\/klimatske-promjene-gore-od-ocekivanog\/","title":{"rendered":"Klimatske promjene &#8211; gore od o\u010dekivanog"},"content":{"rendered":"<p>Klimatolozi iz 24 zemlje ukazali su danas da je neophodno brzo i efikasno djelovati u borbi protiv klimatskih promjena po&scaron;to bi posledice mogle biti mnogo ozbiljnije nego &scaron;to se to do sada predvi\u0111alo, navodi se u studiji Istra\u017eiva\u010dkog instituta iz Potsdama, u Njema\u010dkoj, objavljenoj uo\u010di konferencije o klimatskim promjenama koja \u0107e biti odr\u017eana izme\u0111u 7. i 18. decembra u Kopenhagenu.<\/p>\n<p>Jedna od najalarmantnijih posledica klimatskih promjena je pojava ekstremnih meteorolo&scaron;kih uslova &#8211; tropske vru\u0107ine, su&scaron;e i poplave, prenosi <em>Beta<\/em>.<\/p>\n<p>Nau\u010dnici su zabrinuti i zbog pove\u0107anja nivoa mora, pa predvi\u0111aju da \u0107e topljenje gle\u010dera izazvati pove\u0107anje nivoa mora za jedan do dva metra do kraja vijeka.<\/p>\n<p>Ako se ne preduzmu efikasne mjere, vi&scaron;e ekosistema bi\u0107e zauvijek uni&scaron;teno, ukazuje se u izve&scaron;taju i upozorava da bi najve\u0107a tropska &scaron;uma na svijetu, Amazonija, za nekoliko decenija mogla da se pretvori u savanu zbog uni&scaron;tavanja &scaron;uma i su&scaron;e.<\/p>\n<p>Da bi se globalno zagrijavanje ograni\u010dilo na dva stepena, potrebno je da se izme\u0111u 2015. i 2020. zaustavi pove\u0107anje emisija &scaron;tetnih gasova kako bi se do kraja vijeka do&scaron;lo do &quot;dru&scaron;tva sa nula odsto emisija &scaron;tetnih gasova&quot;, navode nau\u010dnici. <\/p>\n","protected":false},"excerpt":{"rendered":"<p>Klimatolozi iz 24 zemlje ukazali su danas da je neophodno brzo i efikasno djelovati u borbi protiv klimatskih promjena po&scaron;to bi posledice mogle biti mnogo ozbiljnije nego &scaron;to se to do sada predvi\u0111alo, navodi se u studiji Istra\u017eiva\u010dkog instituta iz Potsdama, u Njema\u010dkoj, objavljenoj uo\u010di konferencije o klimatskim promjenama koja \u0107e biti odr\u017eana izme\u0111u 7. [&hellip;]<\/p>\n","protected":false},"author":1,"featured_media":0,"comment_status":"open","ping_status":"closed","sticky":false,"template":"","format":"standard","meta":{"_seopress_robots_primary_cat":"","_seopress_titles_title":"","_seopress_titles_desc":"","_seopress_robots_index":"","_et_pb_use_builder":"","_et_pb_old_content":"","_et_gb_content_width":"","inline_featured_image":false,"footnotes":""},"categories":[14],"tags":[],"class_list":["post-32890","post","type-post","status-publish","format-standard","hentry","category-vijesti"],"_links":{"self":[{"href":"https:\/\/www.pcnen.com\/portal\/wp-json\/wp\/v2\/posts\/32890","targetHints":{"allow":["GET"]}}],"collection":[{"href":"https:\/\/www.pcnen.com\/portal\/wp-json\/wp\/v2\/posts"}],"about":[{"href":"https:\/\/www.pcnen.com\/portal\/wp-json\/wp\/v2\/types\/post"}],"author":[{"embeddable":true,"href":"https:\/\/www.pcnen.com\/portal\/wp-json\/wp\/v2\/users\/1"}],"replies":[{"embeddable":true,"href":"https:\/\/www.pcnen.com\/portal\/wp-json\/wp\/v2\/comments?post=32890"}],"version-history":[{"count":0,"href":"https:\/\/www.pcnen.com\/portal\/wp-json\/wp\/v2\/posts\/32890\/revisions"}],"wp:attachment":[{"href":"https:\/\/www.pcnen.com\/portal\/wp-json\/wp\/v2\/media?parent=32890"}],"wp:term":[{"taxonomy":"category","embeddable":true,"href":"https:\/\/www.pcnen.com\/portal\/wp-json\/wp\/v2\/categories?post=32890"},{"taxonomy":"post_tag","embeddable":true,"href":"https:\/\/www.pcnen.com\/portal\/wp-json\/wp\/v2\/tags?post=32890"}],"curies":[{"name":"wp","href":"https:\/\/api.w.org\/{rel}","templated":true}]}}