{"id":32887,"date":"2009-11-24T11:48:41","date_gmt":"2009-11-24T11:48:41","guid":{"rendered":"http:\/\/www.pcnen.com\/portal\/?p=32887"},"modified":"2009-11-24T11:48:41","modified_gmt":"2009-11-24T11:48:41","slug":"vukcevic-pogresna-odluka-o-hapsenju-mladicevih-jataka","status":"publish","type":"post","link":"https:\/\/www.pcnen.com\/portal\/2009\/11\/24\/vukcevic-pogresna-odluka-o-hapsenju-mladicevih-jataka\/","title":{"rendered":"Vuk\u010devi\u0107: Pogre\u0161na odluka o hap\u0161enju Mladi\u0107evih jataka"},"content":{"rendered":"<p>Tu\u017eilac za ratne zlo\u010dine Vladimir Vuk\u010devi\u0107 je ocijenio da je hap&scaron;enje jataka ha&scaron;kog optu\u017eenika Ratka Mladi\u0107a 2006. godine bila gre&scaron;ka, jer su oni mogli da istra\u017ene organe dovedu do ratnog komandanta Vojske Republike Srpske da su tada ostali na slobodi.<\/p>\n<p>&quot;Mislim da je to bila pogre&scaron;na procena&#8230; Mislim da je to bio potez koji je umnogome unazadio potragu za beguncima i koji je izvan svake logike obave&scaron;tajnog delovanja&quot;, izjavio je Vuk\u010devi\u0107 u intervjuu za <em>Ve\u010dernje novosti,<\/em> prenosi agencija<em> Beta<\/em>.<\/p>\n<p>Vuk\u010devi\u0107 je dodao da tu\u017eila&scaron;tvo na \u010dijem je \u010delu radi na svim slu\u010dajevima koji bi mogli da dovedu do preostalih ha&scaron;kih begunaca, ali i na oni slu\u010dajevima gde je &quot;takozvani Zakon o jatacima definitivno prekr&scaron;en&quot;.<\/p>\n","protected":false},"excerpt":{"rendered":"<p>Tu\u017eilac za ratne zlo\u010dine Vladimir Vuk\u010devi\u0107 je ocijenio da je hap&scaron;enje jataka ha&scaron;kog optu\u017eenika Ratka Mladi\u0107a 2006. godine bila gre&scaron;ka, jer su oni mogli da istra\u017ene organe dovedu do ratnog komandanta Vojske Republike Srpske da su tada ostali na slobodi. &quot;Mislim da je to bila pogre&scaron;na procena&#8230; Mislim da je to bio potez koji je [&hellip;]<\/p>\n","protected":false},"author":1,"featured_media":0,"comment_status":"open","ping_status":"closed","sticky":false,"template":"","format":"standard","meta":{"_seopress_robots_primary_cat":"","_seopress_titles_title":"","_seopress_titles_desc":"","_seopress_robots_index":"","_et_pb_use_builder":"","_et_pb_old_content":"","_et_gb_content_width":"","inline_featured_image":false,"footnotes":""},"categories":[14],"tags":[],"class_list":["post-32887","post","type-post","status-publish","format-standard","hentry","category-vijesti"],"_links":{"self":[{"href":"https:\/\/www.pcnen.com\/portal\/wp-json\/wp\/v2\/posts\/32887","targetHints":{"allow":["GET"]}}],"collection":[{"href":"https:\/\/www.pcnen.com\/portal\/wp-json\/wp\/v2\/posts"}],"about":[{"href":"https:\/\/www.pcnen.com\/portal\/wp-json\/wp\/v2\/types\/post"}],"author":[{"embeddable":true,"href":"https:\/\/www.pcnen.com\/portal\/wp-json\/wp\/v2\/users\/1"}],"replies":[{"embeddable":true,"href":"https:\/\/www.pcnen.com\/portal\/wp-json\/wp\/v2\/comments?post=32887"}],"version-history":[{"count":0,"href":"https:\/\/www.pcnen.com\/portal\/wp-json\/wp\/v2\/posts\/32887\/revisions"}],"wp:attachment":[{"href":"https:\/\/www.pcnen.com\/portal\/wp-json\/wp\/v2\/media?parent=32887"}],"wp:term":[{"taxonomy":"category","embeddable":true,"href":"https:\/\/www.pcnen.com\/portal\/wp-json\/wp\/v2\/categories?post=32887"},{"taxonomy":"post_tag","embeddable":true,"href":"https:\/\/www.pcnen.com\/portal\/wp-json\/wp\/v2\/tags?post=32887"}],"curies":[{"name":"wp","href":"https:\/\/api.w.org\/{rel}","templated":true}]}}