{"id":32882,"date":"2009-11-24T08:41:35","date_gmt":"2009-11-24T08:41:35","guid":{"rendered":"http:\/\/www.pcnen.com\/portal\/?p=32882"},"modified":"2009-11-24T08:41:35","modified_gmt":"2009-11-24T08:41:35","slug":"yihr-rtcg-da-emituje-vise-sadrzaja-na-albanskom-jeziku","status":"publish","type":"post","link":"https:\/\/www.pcnen.com\/portal\/2009\/11\/24\/yihr-rtcg-da-emituje-vise-sadrzaja-na-albanskom-jeziku\/","title":{"rendered":"YIHR: RTCG da emituje vi\u0161e sadr\u017eaja na albanskom jeziku"},"content":{"rendered":"<p>Inicijativa mladih za ljudska prava u Crnoj Gori (YIHR) preporu\u010duje RTCG da emituje vi&scaron;e sadr\u017eaja na albanskom jeziku, te da je potrebno uvesti posebne emisije za kulturu, obrazovanje, turizam, itd.<\/p>\n<p>Ovo je samo jedna od preporuka YIHR, proiza&scaron;lih iz <a href=\"http:\/\/www.yihr.org\/uploads\/reports\/bhs\/32.pdf\">istra\u017eivanja<\/a> te nevladine organizacije o pravu manjinskih naroda na informisanje na maternjem jeziku na nacionalnim i lokalnim javnim servisima. <\/p>\n<p>Istra\u017eivanje je sprovedeno od marta do novembra ove 2009. godine, a danas \u0107e biti prezentirano javnosti.<\/p>\n<p>YIHR preporu\u010duje i sljede\u0107e:<\/p>\n<ul>\n<li>Emisija <em>Mozaiku<\/em> trebalo bi vi&scaron;e da se posveti kulturnim sadr\u017eajima, a ne da bude informativnog karaktera.<\/li>\n<li>RTCG trebalo bi da emituje vi&scaron;e sadr\u017eaja koji se ticu albanske knji\u017eevnosti i istorije pra\u0107ene urbanom albanskom muzikom. Sadr\u017eaji bi trebalo da budu koncipirani tako da, osim Albancima, budu interesantni i drugim narodima u Crnoj Gori. Osim toga, va\u017eno je informisati javnost u Crnoj Gori o albanskoj manjini, o njihovom \u017eivotu, obi\u010dajima, kulturi, religiji, u cilju prevazila\u017eenja etni\u010dke distance.<\/li>\n<li>Kao grad gdje ve\u0107inu \u010dine Albanci, Ulcinj bi trebalo da bude prisutniji na Javnom Servisu, a trebalo bi organizovati vi&scaron;e kulturnih ili turisti\u010dkih doga\u0111aja. Na taj na\u010din bi se smanjile predrasude koje postoje.<\/li>\n<li>Potrebno je i postojanje jedne kvalitetne dnevne novine na albanskom jeziku ili podlistka unutar neke od postoje\u0107ih. <em>Koha Javore<\/em> trebalo bi izdvojiti kao samostalni subjekat, \u010dime bi se stvorili uslovi za transformaciju u kvalitetnu novinu.<\/li>\n<\/ul>\n","protected":false},"excerpt":{"rendered":"<p>Inicijativa mladih za ljudska prava u Crnoj Gori (YIHR) preporu\u010duje RTCG da emituje vi&scaron;e sadr\u017eaja na albanskom jeziku, te da je potrebno uvesti posebne emisije za kulturu, obrazovanje, turizam, itd. Ovo je samo jedna od preporuka YIHR, proiza&scaron;lih iz istra\u017eivanja te nevladine organizacije o pravu manjinskih naroda na informisanje na maternjem jeziku na nacionalnim i [&hellip;]<\/p>\n","protected":false},"author":1,"featured_media":0,"comment_status":"open","ping_status":"closed","sticky":false,"template":"","format":"standard","meta":{"_seopress_robots_primary_cat":"","_seopress_titles_title":"","_seopress_titles_desc":"","_seopress_robots_index":"","_et_pb_use_builder":"","_et_pb_old_content":"","_et_gb_content_width":"","inline_featured_image":false,"footnotes":""},"categories":[14],"tags":[],"class_list":["post-32882","post","type-post","status-publish","format-standard","hentry","category-vijesti"],"_links":{"self":[{"href":"https:\/\/www.pcnen.com\/portal\/wp-json\/wp\/v2\/posts\/32882","targetHints":{"allow":["GET"]}}],"collection":[{"href":"https:\/\/www.pcnen.com\/portal\/wp-json\/wp\/v2\/posts"}],"about":[{"href":"https:\/\/www.pcnen.com\/portal\/wp-json\/wp\/v2\/types\/post"}],"author":[{"embeddable":true,"href":"https:\/\/www.pcnen.com\/portal\/wp-json\/wp\/v2\/users\/1"}],"replies":[{"embeddable":true,"href":"https:\/\/www.pcnen.com\/portal\/wp-json\/wp\/v2\/comments?post=32882"}],"version-history":[{"count":0,"href":"https:\/\/www.pcnen.com\/portal\/wp-json\/wp\/v2\/posts\/32882\/revisions"}],"wp:attachment":[{"href":"https:\/\/www.pcnen.com\/portal\/wp-json\/wp\/v2\/media?parent=32882"}],"wp:term":[{"taxonomy":"category","embeddable":true,"href":"https:\/\/www.pcnen.com\/portal\/wp-json\/wp\/v2\/categories?post=32882"},{"taxonomy":"post_tag","embeddable":true,"href":"https:\/\/www.pcnen.com\/portal\/wp-json\/wp\/v2\/tags?post=32882"}],"curies":[{"name":"wp","href":"https:\/\/api.w.org\/{rel}","templated":true}]}}