{"id":32879,"date":"2009-11-23T20:04:50","date_gmt":"2009-11-23T20:04:50","guid":{"rendered":"http:\/\/www.pcnen.com\/portal\/?p=32879"},"modified":"2009-11-23T20:04:50","modified_gmt":"2009-11-23T20:04:50","slug":"odbijen-karadzicev-zahtjev-za-zalbu-na-nametanje-advokata","status":"publish","type":"post","link":"https:\/\/www.pcnen.com\/portal\/2009\/11\/23\/odbijen-karadzicev-zahtjev-za-zalbu-na-nametanje-advokata\/","title":{"rendered":"Odbijen Karad\u017ei\u0107ev zahtjev za \u017ealbu na nametanje advokata"},"content":{"rendered":"<p>Ha&scaron;ki tribunal je odbio da optu\u017eenom Radovanu Karad\u017ei\u0107u odobri ulaganje \u017ealbe na odluku kojom mu je pretresno vije\u0107e postavilo branioca, javlja agencija <em>Beta<\/em>.<\/p>\n<p>U odluci objavljenoj danas, vije\u0107e predsjedavaju\u0107eg O Gon Kvona odbacilo je kao &quot;nejasne&quot; i nedovoljne razloge koje je Karad\u017ei\u0107 naveo za ulaganje \u017ealbe.<\/p>\n<p>Karad\u017ei\u0107 je kao jedan osnov za \u017ealbu naveo da je vije\u0107e, donose\u0107i odluku da mu postavi branioca, nasumi\u010dno odredilo da je tri i po mjeseca dovoljno tom advokatu da se pripremi za vrlo obiman i komplikovan proces. Kao drugi osnov za \u017ealbu, Karad\u017ei\u0107 je nazna\u010dio to &scaron;to mu nije ponu\u0111eno da sa spiska advokata koji rade pred Tribunalom odabere ime branioca.<\/p>\n<p>Vije\u0107e sudije Kvona u odluci je, me\u0111utim, naglasilo da ni jedno ni drugo navedeno pitanje nije u domenu odlu\u010divanja optu\u017eenog i da kod nijednog nijesu zadovoljeni uslovi za podno&scaron;enje \u017ealbe.<\/p>\n","protected":false},"excerpt":{"rendered":"<p>Ha&scaron;ki tribunal je odbio da optu\u017eenom Radovanu Karad\u017ei\u0107u odobri ulaganje \u017ealbe na odluku kojom mu je pretresno vije\u0107e postavilo branioca, javlja agencija Beta. U odluci objavljenoj danas, vije\u0107e predsjedavaju\u0107eg O Gon Kvona odbacilo je kao &quot;nejasne&quot; i nedovoljne razloge koje je Karad\u017ei\u0107 naveo za ulaganje \u017ealbe. Karad\u017ei\u0107 je kao jedan osnov za \u017ealbu naveo da [&hellip;]<\/p>\n","protected":false},"author":1,"featured_media":0,"comment_status":"open","ping_status":"closed","sticky":false,"template":"","format":"standard","meta":{"_seopress_robots_primary_cat":"","_seopress_titles_title":"","_seopress_titles_desc":"","_seopress_robots_index":"","_et_pb_use_builder":"","_et_pb_old_content":"","_et_gb_content_width":"","inline_featured_image":false,"footnotes":""},"categories":[14],"tags":[],"class_list":["post-32879","post","type-post","status-publish","format-standard","hentry","category-vijesti"],"_links":{"self":[{"href":"https:\/\/www.pcnen.com\/portal\/wp-json\/wp\/v2\/posts\/32879","targetHints":{"allow":["GET"]}}],"collection":[{"href":"https:\/\/www.pcnen.com\/portal\/wp-json\/wp\/v2\/posts"}],"about":[{"href":"https:\/\/www.pcnen.com\/portal\/wp-json\/wp\/v2\/types\/post"}],"author":[{"embeddable":true,"href":"https:\/\/www.pcnen.com\/portal\/wp-json\/wp\/v2\/users\/1"}],"replies":[{"embeddable":true,"href":"https:\/\/www.pcnen.com\/portal\/wp-json\/wp\/v2\/comments?post=32879"}],"version-history":[{"count":0,"href":"https:\/\/www.pcnen.com\/portal\/wp-json\/wp\/v2\/posts\/32879\/revisions"}],"wp:attachment":[{"href":"https:\/\/www.pcnen.com\/portal\/wp-json\/wp\/v2\/media?parent=32879"}],"wp:term":[{"taxonomy":"category","embeddable":true,"href":"https:\/\/www.pcnen.com\/portal\/wp-json\/wp\/v2\/categories?post=32879"},{"taxonomy":"post_tag","embeddable":true,"href":"https:\/\/www.pcnen.com\/portal\/wp-json\/wp\/v2\/tags?post=32879"}],"curies":[{"name":"wp","href":"https:\/\/api.w.org\/{rel}","templated":true}]}}