{"id":32876,"date":"2009-11-23T18:31:29","date_gmt":"2009-11-23T18:31:29","guid":{"rendered":"http:\/\/www.pcnen.com\/portal\/?p=32876"},"modified":"2009-11-23T18:31:29","modified_gmt":"2009-11-23T18:31:29","slug":"saradnja-undp-i-opstina-na-sjeveru-cg","status":"publish","type":"post","link":"https:\/\/www.pcnen.com\/portal\/2009\/11\/23\/saradnja-undp-i-opstina-na-sjeveru-cg\/","title":{"rendered":"Saradnja UNDP i op\u0161tina na sjeveru CG"},"content":{"rendered":"<p>Predstavnici Kancelarije Programa UN za razvoj (UNDP) u Crnoj Gori i op&scaron;tine Mojkovac, Pljevlja, Plu\u017eine, &Scaron;avnik i \u017dabljak potpisa\u0107e sjutra sporazum o saradnji i partnerstvu u oblasti unapre\u0111enja ekonomskog ambijenta na sjeveru Crne Gore kroz sistemsku podr&scaron;ku, od tehni\u010dke i stru\u010dne pomo\u0107i do zapo&scaron;ljavanja i razvoja preduzetni&scaron;tva.<\/p>\n<p>Cilj je postizanje pozitivnih socio-ekonomskih rezultata u tim op&scaron;tinama kroz program <em>Ograni\u010davanje uticaja ekonomske krize<\/em>. <\/p>\n<p>Sporazum, kako je saop&scaron;teno iz Kancelarije UNDP u Crnoj Gori, treba da pomogne u izgradnji partnerstva me\u0111u zajednicama, lokalnim upravama i u ekonomiji uop&scaron;te, u sljede\u0107im oblastima: <\/p>\n<p>Zapo&scaron;ljavanje: od obuke do zapo&scaron;ljavanja; fleksibilne usluge obrazovanja i obuke prije zapo&scaron;ljavanja, pra\u0107enje razvoja biznisa i tehni\u010dka podr&scaron;ka pri poslovanju; unapre\u0111enje vje&scaron;tina i znanja; mogu\u0107nosti zapo&scaron;ljavanja u drugim industrijskim granama.<\/p>\n<p>Razvoj preduzetni&scaron;tva: identifikovanje mogu\u0107nosti za bavljenje biznisom i izgra\u0111ivanje poslovnih kapaciteta u raznim granama industrije, kao i u oblasti relevantnih usluga i distributivnih lanaca; izgradnja kapaciteta za podr&scaron;ku biznisu u lokalnim upravama; stvaranje partnerstava u svrhu podr&scaron;ke razvoju biznisa. <\/p>\n","protected":false},"excerpt":{"rendered":"<p>Predstavnici Kancelarije Programa UN za razvoj (UNDP) u Crnoj Gori i op&scaron;tine Mojkovac, Pljevlja, Plu\u017eine, &Scaron;avnik i \u017dabljak potpisa\u0107e sjutra sporazum o saradnji i partnerstvu u oblasti unapre\u0111enja ekonomskog ambijenta na sjeveru Crne Gore kroz sistemsku podr&scaron;ku, od tehni\u010dke i stru\u010dne pomo\u0107i do zapo&scaron;ljavanja i razvoja preduzetni&scaron;tva. Cilj je postizanje pozitivnih socio-ekonomskih rezultata u tim [&hellip;]<\/p>\n","protected":false},"author":1,"featured_media":0,"comment_status":"open","ping_status":"closed","sticky":false,"template":"","format":"standard","meta":{"_seopress_robots_primary_cat":"","_seopress_titles_title":"","_seopress_titles_desc":"","_seopress_robots_index":"","_et_pb_use_builder":"","_et_pb_old_content":"","_et_gb_content_width":"","inline_featured_image":false,"footnotes":""},"categories":[14],"tags":[],"class_list":["post-32876","post","type-post","status-publish","format-standard","hentry","category-vijesti"],"_links":{"self":[{"href":"https:\/\/www.pcnen.com\/portal\/wp-json\/wp\/v2\/posts\/32876","targetHints":{"allow":["GET"]}}],"collection":[{"href":"https:\/\/www.pcnen.com\/portal\/wp-json\/wp\/v2\/posts"}],"about":[{"href":"https:\/\/www.pcnen.com\/portal\/wp-json\/wp\/v2\/types\/post"}],"author":[{"embeddable":true,"href":"https:\/\/www.pcnen.com\/portal\/wp-json\/wp\/v2\/users\/1"}],"replies":[{"embeddable":true,"href":"https:\/\/www.pcnen.com\/portal\/wp-json\/wp\/v2\/comments?post=32876"}],"version-history":[{"count":0,"href":"https:\/\/www.pcnen.com\/portal\/wp-json\/wp\/v2\/posts\/32876\/revisions"}],"wp:attachment":[{"href":"https:\/\/www.pcnen.com\/portal\/wp-json\/wp\/v2\/media?parent=32876"}],"wp:term":[{"taxonomy":"category","embeddable":true,"href":"https:\/\/www.pcnen.com\/portal\/wp-json\/wp\/v2\/categories?post=32876"},{"taxonomy":"post_tag","embeddable":true,"href":"https:\/\/www.pcnen.com\/portal\/wp-json\/wp\/v2\/tags?post=32876"}],"curies":[{"name":"wp","href":"https:\/\/api.w.org\/{rel}","templated":true}]}}