{"id":32875,"date":"2009-11-23T18:25:12","date_gmt":"2009-11-23T18:25:12","guid":{"rendered":"http:\/\/www.pcnen.com\/portal\/?p=32875"},"modified":"2009-11-23T18:25:12","modified_gmt":"2009-11-23T18:25:12","slug":"ucesce-crne-gore-u-eu-programu-%e2%80%98kultura","status":"publish","type":"post","link":"https:\/\/www.pcnen.com\/portal\/2009\/11\/23\/ucesce-crne-gore-u-eu-programu-%e2%80%98kultura\/","title":{"rendered":"U\u010de\u0161\u0107e Crne Gore u EU programu \u2018Kultura&#8217;"},"content":{"rendered":"<p>Memorandum o razumijevanju o u\u010de&scaron;\u0107u Crne Gore u programu Evropske zajednice <em>Kultura 2007 &#8211; 2013<\/em> potpisali su danas u Briselu Slavica Mila\u010di\u0107, &scaron;efica Stalne misije Crne Gore pri EU i Odile Quintin, generalni direktor Generalnog direktora Evropske komisije za obrazovanje i kulturu, saop&scaron;tilo je Ministarstvo kulture, sporta i medija. <\/p>\n<p>Program EU <em>Kultura<\/em> raspola\u017ee bud\u017eetom od 400 miliona eura i namijenjen je&nbsp; podsticanju preko-grani\u010dne mobilnosti ljudi u oblasti kulture, transnacionalne cirkulacije kulturnih i umjetni\u010dkih radova i me\u0111ukulturnom dijalogu. <\/p>\n<p>Radi ostvarenja navdenih ciljeva, Program predvi\u0111a sufinansiranje kulturnih projekata, podr&scaron;ku institucijama kulture na evropskom nivou i podr\u017eava aktivnosti u oblasti analize i razmjene informacija.<\/p>\n<p>U dosada&scaron;njim aktivnostima na stvaranju uslova za efikasno u\u010de&scaron;\u0107e Crne Gore u programu <em>Kultura<\/em> resorno ministarstvo je osnovalo <em>Kontakt jedinicu<\/em>, \u010diji je zadatak koordinacija i promocija projekata i aktivnosti u okviru&nbsp; ovog programa. Kontakt jedinicom rukovodi Aleksandra Bo&scaron;kovi\u0107.&nbsp; <\/p>\n","protected":false},"excerpt":{"rendered":"<p>Memorandum o razumijevanju o u\u010de&scaron;\u0107u Crne Gore u programu Evropske zajednice Kultura 2007 &#8211; 2013 potpisali su danas u Briselu Slavica Mila\u010di\u0107, &scaron;efica Stalne misije Crne Gore pri EU i Odile Quintin, generalni direktor Generalnog direktora Evropske komisije za obrazovanje i kulturu, saop&scaron;tilo je Ministarstvo kulture, sporta i medija. Program EU Kultura raspola\u017ee bud\u017eetom od [&hellip;]<\/p>\n","protected":false},"author":1,"featured_media":0,"comment_status":"open","ping_status":"closed","sticky":false,"template":"","format":"standard","meta":{"_seopress_robots_primary_cat":"","_seopress_titles_title":"","_seopress_titles_desc":"","_seopress_robots_index":"","_et_pb_use_builder":"","_et_pb_old_content":"","_et_gb_content_width":"","inline_featured_image":false,"footnotes":""},"categories":[14],"tags":[],"class_list":["post-32875","post","type-post","status-publish","format-standard","hentry","category-vijesti"],"_links":{"self":[{"href":"https:\/\/www.pcnen.com\/portal\/wp-json\/wp\/v2\/posts\/32875","targetHints":{"allow":["GET"]}}],"collection":[{"href":"https:\/\/www.pcnen.com\/portal\/wp-json\/wp\/v2\/posts"}],"about":[{"href":"https:\/\/www.pcnen.com\/portal\/wp-json\/wp\/v2\/types\/post"}],"author":[{"embeddable":true,"href":"https:\/\/www.pcnen.com\/portal\/wp-json\/wp\/v2\/users\/1"}],"replies":[{"embeddable":true,"href":"https:\/\/www.pcnen.com\/portal\/wp-json\/wp\/v2\/comments?post=32875"}],"version-history":[{"count":0,"href":"https:\/\/www.pcnen.com\/portal\/wp-json\/wp\/v2\/posts\/32875\/revisions"}],"wp:attachment":[{"href":"https:\/\/www.pcnen.com\/portal\/wp-json\/wp\/v2\/media?parent=32875"}],"wp:term":[{"taxonomy":"category","embeddable":true,"href":"https:\/\/www.pcnen.com\/portal\/wp-json\/wp\/v2\/categories?post=32875"},{"taxonomy":"post_tag","embeddable":true,"href":"https:\/\/www.pcnen.com\/portal\/wp-json\/wp\/v2\/tags?post=32875"}],"curies":[{"name":"wp","href":"https:\/\/api.w.org\/{rel}","templated":true}]}}