{"id":32870,"date":"2009-11-23T15:57:48","date_gmt":"2009-11-23T15:57:48","guid":{"rendered":"http:\/\/www.pcnen.com\/portal\/?p=32870"},"modified":"2009-11-23T15:57:48","modified_gmt":"2009-11-23T15:57:48","slug":"generalni-sekretar-nato-dolazi-u-podgoricu","status":"publish","type":"post","link":"https:\/\/www.pcnen.com\/portal\/2009\/11\/23\/generalni-sekretar-nato-dolazi-u-podgoricu\/","title":{"rendered":"Generalni sekretar NATO dolazi u Podgoricu"},"content":{"rendered":"<p>Crnogorska aplikacija za prijem u Akcioni plan za \u010dlanstvo u NATO (MAP) bi\u0107e, prema najavama, razmatran po\u010detkom 3. i 4. decembra u Briselu. <\/p>\n","protected":false},"excerpt":{"rendered":"<p>Generalni sekretar NATO Anders fog Rasmusen boravi\u0107e u Podgorici 25. i 26. novembra, javili su podgori\u010dki elektronski mediji.<\/p>\n","protected":false},"author":1,"featured_media":0,"comment_status":"open","ping_status":"closed","sticky":false,"template":"","format":"standard","meta":{"_seopress_robots_primary_cat":"","_seopress_titles_title":"","_seopress_titles_desc":"","_seopress_robots_index":"","_et_pb_use_builder":"","_et_pb_old_content":"","_et_gb_content_width":"","inline_featured_image":false,"footnotes":""},"categories":[14],"tags":[],"class_list":["post-32870","post","type-post","status-publish","format-standard","hentry","category-vijesti"],"_links":{"self":[{"href":"https:\/\/www.pcnen.com\/portal\/wp-json\/wp\/v2\/posts\/32870","targetHints":{"allow":["GET"]}}],"collection":[{"href":"https:\/\/www.pcnen.com\/portal\/wp-json\/wp\/v2\/posts"}],"about":[{"href":"https:\/\/www.pcnen.com\/portal\/wp-json\/wp\/v2\/types\/post"}],"author":[{"embeddable":true,"href":"https:\/\/www.pcnen.com\/portal\/wp-json\/wp\/v2\/users\/1"}],"replies":[{"embeddable":true,"href":"https:\/\/www.pcnen.com\/portal\/wp-json\/wp\/v2\/comments?post=32870"}],"version-history":[{"count":0,"href":"https:\/\/www.pcnen.com\/portal\/wp-json\/wp\/v2\/posts\/32870\/revisions"}],"wp:attachment":[{"href":"https:\/\/www.pcnen.com\/portal\/wp-json\/wp\/v2\/media?parent=32870"}],"wp:term":[{"taxonomy":"category","embeddable":true,"href":"https:\/\/www.pcnen.com\/portal\/wp-json\/wp\/v2\/categories?post=32870"},{"taxonomy":"post_tag","embeddable":true,"href":"https:\/\/www.pcnen.com\/portal\/wp-json\/wp\/v2\/tags?post=32870"}],"curies":[{"name":"wp","href":"https:\/\/api.w.org\/{rel}","templated":true}]}}