{"id":32867,"date":"2009-11-23T13:23:36","date_gmt":"2009-11-23T13:23:36","guid":{"rendered":"http:\/\/www.pcnen.com\/portal\/?p=32867"},"modified":"2009-11-23T13:23:36","modified_gmt":"2009-11-23T13:23:36","slug":"citaku-uskoro-demarkacija-granice-izmedu-cg-i-kosova","status":"publish","type":"post","link":"https:\/\/www.pcnen.com\/portal\/2009\/11\/23\/citaku-uskoro-demarkacija-granice-izmedu-cg-i-kosova\/","title":{"rendered":"\u010citaku: Uskoro demarkacija granice izme\u0111u CG i Kosova"},"content":{"rendered":"<p>Zamjenica ministra inostranih poslova Kosova Vijora \u010citaku izjavila je da izme\u0111u Kosova i Crne Gore ne postoji grani\u010dni spor i da \u0107e stru\u010dne komisije dvije vlade uskoro po\u010deti da rade na sporazumu o demarkaciji granice.<\/p>\n<p>\u010citaku je za podgori\u010dke <em>Vijesti<\/em> kazala da \u0107e se obilje\u017eavanje granice vr&scaron;iti na osnovu administrativnih linija iz vrijemena SFRJ i dodala da je &quot;bilo nekih nerazumijevanja zato &scaron;to je tampon zona bila suvi&scaron;e velika&quot;, prenosi <em>Beta<\/em>.<\/p>\n<p>&quot;Pri&scaron;tina i Podgorica raspola\u017eu katastarskim mapama teritorija op&scaron;tina Pe\u0107 i Ro\u017eaje, tako da granica ide tim linijama&quot;, kazala je ona.<\/p>\n<p>Mje&scaron;tani sela u okolini Pe\u0107i protestvovali su prije mjesec dana jer je crnogorska strana, kako tvrde, postavila znakove dobrodo&scaron;lice pet kilometara unutar kosovske teritorije.<\/p>\n<p>Crnogorska policija je to demantovala, a iz Ministarstva inostranih poslova Crne Gore je saop&scaron;teno da je grani\u010dna linija sa Kosovom zapravo ona administrativna iz vremena SFRJ.<\/p>\n","protected":false},"excerpt":{"rendered":"<p>Zamjenica ministra inostranih poslova Kosova Vijora \u010citaku izjavila je da izme\u0111u Kosova i Crne Gore ne postoji grani\u010dni spor i da \u0107e stru\u010dne komisije dvije vlade uskoro po\u010deti da rade na sporazumu o demarkaciji granice. \u010citaku je za podgori\u010dke Vijesti kazala da \u0107e se obilje\u017eavanje granice vr&scaron;iti na osnovu administrativnih linija iz vrijemena SFRJ i [&hellip;]<\/p>\n","protected":false},"author":1,"featured_media":0,"comment_status":"open","ping_status":"closed","sticky":false,"template":"","format":"standard","meta":{"_seopress_robots_primary_cat":"","_seopress_titles_title":"","_seopress_titles_desc":"","_seopress_robots_index":"","_et_pb_use_builder":"","_et_pb_old_content":"","_et_gb_content_width":"","inline_featured_image":false,"footnotes":""},"categories":[14],"tags":[],"class_list":["post-32867","post","type-post","status-publish","format-standard","hentry","category-vijesti"],"_links":{"self":[{"href":"https:\/\/www.pcnen.com\/portal\/wp-json\/wp\/v2\/posts\/32867","targetHints":{"allow":["GET"]}}],"collection":[{"href":"https:\/\/www.pcnen.com\/portal\/wp-json\/wp\/v2\/posts"}],"about":[{"href":"https:\/\/www.pcnen.com\/portal\/wp-json\/wp\/v2\/types\/post"}],"author":[{"embeddable":true,"href":"https:\/\/www.pcnen.com\/portal\/wp-json\/wp\/v2\/users\/1"}],"replies":[{"embeddable":true,"href":"https:\/\/www.pcnen.com\/portal\/wp-json\/wp\/v2\/comments?post=32867"}],"version-history":[{"count":0,"href":"https:\/\/www.pcnen.com\/portal\/wp-json\/wp\/v2\/posts\/32867\/revisions"}],"wp:attachment":[{"href":"https:\/\/www.pcnen.com\/portal\/wp-json\/wp\/v2\/media?parent=32867"}],"wp:term":[{"taxonomy":"category","embeddable":true,"href":"https:\/\/www.pcnen.com\/portal\/wp-json\/wp\/v2\/categories?post=32867"},{"taxonomy":"post_tag","embeddable":true,"href":"https:\/\/www.pcnen.com\/portal\/wp-json\/wp\/v2\/tags?post=32867"}],"curies":[{"name":"wp","href":"https:\/\/api.w.org\/{rel}","templated":true}]}}