{"id":32862,"date":"2009-11-23T09:35:00","date_gmt":"2009-11-23T09:35:00","guid":{"rendered":"http:\/\/www.pcnen.com\/portal\/?p=32862"},"modified":"2009-11-23T09:35:00","modified_gmt":"2009-11-23T09:35:00","slug":"ratko-knezevic-kod-jugoslava-cosica","status":"publish","type":"post","link":"https:\/\/www.pcnen.com\/portal\/2009\/11\/23\/ratko-knezevic-kod-jugoslava-cosica\/","title":{"rendered":"Ratko Kne\u017eevi\u0107 kod Jugoslava \u0106osi\u0107a"},"content":{"rendered":"<p>Gost emisije <em>Intervju sa Jugoslavom \u0106osi\u0107em<\/em> na TV B92 u utorak 24. novembra bi\u0107e crnogorski biznismen Ratko Kne\u017eevi\u0107. <\/p>\n<p>U intervjuu snimljenom u Londonu, Ratko Kne\u017eevi\u0107 govori o &scaron;vercu cigareta u Crnoj Gori i Srbiji, pranju para, istragama u Italiji, Srbiji i &Scaron;vajcarskoj, svojim odnosima sa premijerom Crne Gore Milom \u0110ukanovi\u0107em, najavljuje TV B92 <\/p>\n<p>Pored toga bi\u0107e rije\u010di i o ubistvu Ive Pukani\u0107a i Radovana Stoj\u010di\u0107a Bad\u017ee, hrvatskom <em>Nacionalu<\/em> i o tome ko je koga reketirao, zapljeni kokaina i srpsko-crnogorskim dilerima. <\/p>\n<p><em>Intervju sa Jugoslavom \u0106osi\u0107em<\/em> je na programu sjutra, 24 novembra od 22 sata.<\/p>\n","protected":false},"excerpt":{"rendered":"<p>Gost emisije Intervju sa Jugoslavom \u0106osi\u0107em na TV B92 u utorak 24. novembra bi\u0107e crnogorski biznismen Ratko Kne\u017eevi\u0107. U intervjuu snimljenom u Londonu, Ratko Kne\u017eevi\u0107 govori o &scaron;vercu cigareta u Crnoj Gori i Srbiji, pranju para, istragama u Italiji, Srbiji i &Scaron;vajcarskoj, svojim odnosima sa premijerom Crne Gore Milom \u0110ukanovi\u0107em, najavljuje TV B92 Pored toga [&hellip;]<\/p>\n","protected":false},"author":1,"featured_media":0,"comment_status":"open","ping_status":"closed","sticky":false,"template":"","format":"standard","meta":{"_seopress_robots_primary_cat":"","_seopress_titles_title":"","_seopress_titles_desc":"","_seopress_robots_index":"","_et_pb_use_builder":"","_et_pb_old_content":"","_et_gb_content_width":"","inline_featured_image":false,"footnotes":""},"categories":[14],"tags":[],"class_list":["post-32862","post","type-post","status-publish","format-standard","hentry","category-vijesti"],"_links":{"self":[{"href":"https:\/\/www.pcnen.com\/portal\/wp-json\/wp\/v2\/posts\/32862","targetHints":{"allow":["GET"]}}],"collection":[{"href":"https:\/\/www.pcnen.com\/portal\/wp-json\/wp\/v2\/posts"}],"about":[{"href":"https:\/\/www.pcnen.com\/portal\/wp-json\/wp\/v2\/types\/post"}],"author":[{"embeddable":true,"href":"https:\/\/www.pcnen.com\/portal\/wp-json\/wp\/v2\/users\/1"}],"replies":[{"embeddable":true,"href":"https:\/\/www.pcnen.com\/portal\/wp-json\/wp\/v2\/comments?post=32862"}],"version-history":[{"count":0,"href":"https:\/\/www.pcnen.com\/portal\/wp-json\/wp\/v2\/posts\/32862\/revisions"}],"wp:attachment":[{"href":"https:\/\/www.pcnen.com\/portal\/wp-json\/wp\/v2\/media?parent=32862"}],"wp:term":[{"taxonomy":"category","embeddable":true,"href":"https:\/\/www.pcnen.com\/portal\/wp-json\/wp\/v2\/categories?post=32862"},{"taxonomy":"post_tag","embeddable":true,"href":"https:\/\/www.pcnen.com\/portal\/wp-json\/wp\/v2\/tags?post=32862"}],"curies":[{"name":"wp","href":"https:\/\/api.w.org\/{rel}","templated":true}]}}