{"id":32857,"date":"2009-11-22T20:00:47","date_gmt":"2009-11-22T20:00:47","guid":{"rendered":"http:\/\/www.pcnen.com\/portal\/?p=32857"},"modified":"2009-11-22T20:00:47","modified_gmt":"2009-11-22T20:00:47","slug":"albanska-opozicija-prijeti-prosirivanjem-protesta","status":"publish","type":"post","link":"https:\/\/www.pcnen.com\/portal\/2009\/11\/22\/albanska-opozicija-prijeti-prosirivanjem-protesta\/","title":{"rendered":"Albanska opozicija prijeti pro\u0161irivanjem protesta"},"content":{"rendered":"<p>Albanska opozicija je zaprijetila danas da \u0107e &scaron;irom zemlje organizovati proteste ukoliko vlada Saljija Beri&scaron;e u roku od 10 dana ne organizuje ponovno prebrojavanje glasova sa parlamentarnih izbora odr\u017eanih 28. juna, javlja <em>Radio Slobodna Evropa<\/em>. <\/p>\n<p>Lider Socijalisti\u010dke partije Edi Rama je tre\u0107eg dana protesta u Tirani rekao da \u0107e demonstracije biti pro&scaron;irene na cijelu zemlju do odlaska vlade, ako ne do\u0111e do novog prebrojavanja glasova.<\/p>\n<p>Opozicija od petka protestuje ispred zgrade vlade u Tirani, optu\u017euju\u0107i vladu da je prekrajala rezultate parlamentarnih izbora, a Beri&scaron;a je ranije danas izjavio da je odgovor vlade jasan i da ne\u0107e biti novog brojanja glasova po&scaron;to su rezultati izbora potvr\u0111eni.<\/p>\n<p>Prema rezultatima, socijalisti su dobili 65 od 140 mandata, ali neprekidno osu\u0111uju prevare i odbijaju da u\u010destvuju u radu skup&scaron;tine dok se ponovo ne prebroje glasovi na pojedinim bira\u010dkim mjestima. <\/p>\n<p>OEBS je ocijenio da je do&scaron;lo do pobolj&scaron;anja izbornog procesa u Albaniji, ali da je bilo neregularnosti tokom poslednjeg glasanja.<\/p>\n","protected":false},"excerpt":{"rendered":"<p>Albanska opozicija je zaprijetila danas da \u0107e &scaron;irom zemlje organizovati proteste ukoliko vlada Saljija Beri&scaron;e u roku od 10 dana ne organizuje ponovno prebrojavanje glasova sa parlamentarnih izbora odr\u017eanih 28. juna, javlja Radio Slobodna Evropa. Lider Socijalisti\u010dke partije Edi Rama je tre\u0107eg dana protesta u Tirani rekao da \u0107e demonstracije biti pro&scaron;irene na cijelu zemlju [&hellip;]<\/p>\n","protected":false},"author":1,"featured_media":0,"comment_status":"open","ping_status":"closed","sticky":false,"template":"","format":"standard","meta":{"_seopress_robots_primary_cat":"","_seopress_titles_title":"","_seopress_titles_desc":"","_seopress_robots_index":"","_et_pb_use_builder":"","_et_pb_old_content":"","_et_gb_content_width":"","inline_featured_image":false,"footnotes":""},"categories":[14],"tags":[],"class_list":["post-32857","post","type-post","status-publish","format-standard","hentry","category-vijesti"],"_links":{"self":[{"href":"https:\/\/www.pcnen.com\/portal\/wp-json\/wp\/v2\/posts\/32857","targetHints":{"allow":["GET"]}}],"collection":[{"href":"https:\/\/www.pcnen.com\/portal\/wp-json\/wp\/v2\/posts"}],"about":[{"href":"https:\/\/www.pcnen.com\/portal\/wp-json\/wp\/v2\/types\/post"}],"author":[{"embeddable":true,"href":"https:\/\/www.pcnen.com\/portal\/wp-json\/wp\/v2\/users\/1"}],"replies":[{"embeddable":true,"href":"https:\/\/www.pcnen.com\/portal\/wp-json\/wp\/v2\/comments?post=32857"}],"version-history":[{"count":0,"href":"https:\/\/www.pcnen.com\/portal\/wp-json\/wp\/v2\/posts\/32857\/revisions"}],"wp:attachment":[{"href":"https:\/\/www.pcnen.com\/portal\/wp-json\/wp\/v2\/media?parent=32857"}],"wp:term":[{"taxonomy":"category","embeddable":true,"href":"https:\/\/www.pcnen.com\/portal\/wp-json\/wp\/v2\/categories?post=32857"},{"taxonomy":"post_tag","embeddable":true,"href":"https:\/\/www.pcnen.com\/portal\/wp-json\/wp\/v2\/tags?post=32857"}],"curies":[{"name":"wp","href":"https:\/\/api.w.org\/{rel}","templated":true}]}}