{"id":328504,"date":"2021-09-21T13:47:57","date_gmt":"2021-09-21T11:47:57","guid":{"rendered":"https:\/\/www.pcnen.com\/portal\/?p=328504"},"modified":"2021-09-21T14:20:10","modified_gmt":"2021-09-21T12:20:10","slug":"o-jucerasnjem-i-buducim-protestima","status":"publish","type":"post","link":"https:\/\/www.pcnen.com\/portal\/2021\/09\/21\/o-jucerasnjem-i-buducim-protestima\/","title":{"rendered":"O ju\u010dera\u0161njem i budu\u0107im protestima"},"content":{"rendered":"<p>Ju\u010de je odr\u017ean protest radnika i stvaralaca iz oblasti kulture ispred Vlade Crne Gore. Povod neprijavljenom protestu je bio jo\u0161 jedno u nizu skandaloznih namje\u0161tenja kleronacionalisti\u010dke Vlade, imenovanje\u00a0 za direktoricu Filmskog centra Aleksandre Mandari\u0107 &#8211; Bo\u017eovi\u0107, osobe bez iole ozbiljnijih stru\u010dnih referenci, osim ako se u njih ra\u010duna osvajanje neke nagrade na festivalu reklamo\u017edera. Dobro ste pro\u010ditali \u2013 festivalu \u00a0reklamo\u017edera.<\/p>\n<p>Svima je ve\u0107 odavno jasno da je kod\u00a0 ministrake Brati\u0107, koja pokriva \u010detiri resora, o\u010dito nesposobne, koja bje\u017ei od javnih nastupa i su\u010deljavanja, \u010dak skup\u0161tinskih izlaganja i saslu\u0161anja \u2013 simuliraju\u0107i bolest, glavna preporuka za namje\u0161tanja u Vladi nacional-\u0161ovinisti\u010dki diskurs kandidata, a ovaj put i neonacisti\u010dki. Gospo\u0111a Mandari\u0107 &#8211; Bo\u017eovi\u0107 je, da podsjetim javnost, jedan od osniva\u010da Srpskog pokreta &#8220;Dveri&#8221;, neonacisti\u010dke organizacije, i bila je njihov kandidat za poslanicu u parlament na izborima u Srbiji.<\/p>\n<p>Samo dva dana prije ovog namje\u0161tenja, premijer Krivokapi\u0107 je pozvao na smirivanje tenzija i podjela u dru\u0161tvu, da bi odmah potom njegova Vlada, ovakvim izborom, demantovala samu sebe, \u0161to je ve\u0107 uobi\u010dajno za Krivokapi\u0107a koji voli da se povremeno zapla\u010de &#8211; i izvinjava &#8211; ali ne \u201epo\u0161tovanom narodu\u201c ve\u0107 crkvenim vjerodostojnicima, koji, da se po obi\u010daju ne la\u017eemo, dominantno vode politiku Vlade Crne Gore i kadriraju je.<\/p>\n<p>Nezavisne \u201eVijesti\u201c su, u skladu sa svojom ure\u0111iva\u010dkom politikom, izvjestile sa ju\u010dera\u0161njeg skupa onako kako su izvjestile, \u0161to je njihovo legitimno pravo kao privatnog medija koji izvje\u0161tava u svom privatnom interesu. O na\u010dinu njihovog izvje\u0161tavanja, ne samo sa ovog protesta ve\u0107 od promjene vlasti, trebao bi mi \u010ditav tekst ili serija tekstova a ne jedan pasus, stoga ne\u0107u \u0161iriti pri\u010du. Naglasile su da je skupu prisustvovao Milorad Mijo Popovi\u0107 i Miodrag Vlahovi\u0107 \u2013 \u0161to je istina, a koji su prepoznati kao apana\u017eni turbocrnogorci, omrznuti kod pristojnog svijeta i sa ove strane dva pola, posebno kod onog drugog.<\/p>\n<p>Od formiranja nove Vlade, ista je vukla poteze i namje\u0161tala takve partijsko-litija\u0161ke kadrove da polako ali sigurno abolira sve plja\u010dke i plja\u010dka\u0161e kadrova prethodne vlasti. Kompromitovana opozicija poku\u0161ava to da iskoristi prave\u0107i proteste, a dobar dio onih koji su se borili protiv trenutne opozicije dok je bila vlast ne \u017eeli da bude na protestima \u2013 iako naj\u010de\u0161\u0107e opravdanim, upravo zbog njih takvih. Taj dio gra\u0111ana koji, u me\u0111uvremenu, nijesu postali bra\u0107a i sestre \u2013 ni po\u0161tovani narod, je cijelo vrijeme stisnut i potisnut izme\u0111u prvih i drugih. Ekstremno nacionalisti\u010dkog, \u0161ovinisti\u010dkog, vjerski radikalnog koji je u vladaju\u0107em dijelu, sa jedne strane, i koruptivno-mafija\u0161kog sa tako\u0111e nacionalisti\u010dkim narativom koji je sada u opoziciji, na drugoj strani. Ne \u017eele\u0107i da budu ni uz jedne ni uz druge, ovaj dio nepo\u0161tovanog naroda postaje nevidljiv, \u0161to i prvim i drugim odgovara.<\/p>\n<p>Da se vratim na ju\u010dera\u0161nji protest, otvorenu ujdurmu po\u0161tovanog naroda &#8211; bra\u0107e i sestara &#8211; te skrivenu \u201enezavisnih\u201c medija protiv onog dijela u\u010desnika protesta koji su mu prisustvovali \u201eu dru\u0161tvu\u201c sa Miloradom Popovi\u0107em, Vlahovi\u0107em i sli\u010dnima, a za koje se zna da ne pripadaju tom miljeu.<\/p>\n<p>Od uspostavljanja nove, iz dana u dan, pokazuje se, sve gore vlasti, koja prosto provocira svojim nacionalizmom i izborom isto takvih \u2013 ekstremno nacionalistio\u010dkih kadrova &#8211;\u00a0 ve\u0107i dio mog dru\u0161tva\u00a0 i ja smo izbjegavali proteste iza kojih stoji DPS, srodne mu organizacije ili pojednici, prepoznati kao njihova dvorska, intelektulana ili poluintelektualna posluga. Kada je dara prevr\u0161ila mjeru \u2013 a najnovije imenovanje u seriji takvih to svakako jeste &#8211; odlu\u010dili smo da podr\u017eimo protest kulturnih radnika Crne Gore, predpostavljaju\u0107i da \u0107e se na njemu pojaviti i dio onih koji nemaju moralno pravo na bilo kakav protest i \u010dije dru\u0161tvo nam ne prija.<\/p>\n<p>Kao \u0161to nam, svojevremeno, nije prijalo da protestujemo u dru\u0161tvu Mandi\u0107a, Radunovi\u0107a, Barske srbadije i sli\u010dnih, ali je na\u0161 bunt bio protiv nepravne dr\u017eave, op\u0161te plja\u010dke, korupcije i nepotizma, a ne podr\u0161ka Mandi\u0107u i sli\u010dnih mu. Onda smo od aktulene vlasti i njihovih simpatizera omalova\u017eavani i optu\u017eivani da smo protiv dr\u017eave zato \u0161to smo u dru\u0161tvu pomenutih, danas iste optu\u017ebe sti\u017eu od podr\u017eavaoca aktuelne vlasti koji nam prigovaraju da smo zajedno uz apana\u017ene patriote i korumpirane djelove biv\u0161e vlasti. Ni tada ni sada, ni ja ni moje dru\u0161tvo nijesmo sa njima, ve\u0107 protiv onog \u0161to nam se de\u0161avalo tada i \u0161to nam se de\u0161ava sada. I ubudu\u0107e \u0107e tako biti. Boriti se protiv korupcije, neprava i plja\u010dke, kao i protiv klerikalizacije i fa\u0161izacije dru\u0161tva je normalna gra\u0111anska obaveza, a to \u0161to je politi\u010dki poku\u0161avaju iskoristiti oni koji nemaju veze sa tim na\u010delima, njihova je nemoralna i politi\u010dka prilika koju takvi uvijek \u017eele iskoristiti i politikanski zloupotrijebiti.<\/p>\n<p>Ubudu\u0107e, kako mene tako dio mog dru\u0161tva uvijek \u0107ete vidjeti u akcijama ili na protestima, ma ko ih organizovao i sa bilo kojim motivima, ako su oni u skladu sa na\u0161im uvjerenjima. U njihove povode i motive ne\u0107emo ulaziti, va\u017eni su na\u0161i.\u00a0 Kako prije tako i sada.<\/p>\n<blockquote><p><em>P.S. Vidim da podr\u017eavaocima i zaljubljenicima u novu, po njima o\u010dito bezgre\u0161nu vlast, kao i Upravi policije, te nezavisnim Vijestima, jako smeta \u0161to protest na Cetinju ili ovaj ju\u010de nije bio prijavljen, te stalno to potenciraju. Podsjeti\u0107u i prve, i druge, i tre\u0107e da je javni skup povodom dana svetog Vasilija Ostro\u0161kog tako\u0111e bio neprijavljen, da nije ni mogao biti prijavljen u skladu sa zakonom jer su va\u017eile epidemiolo\u0161ke mjere o zabrani okupljanja. Uprkos tome, premijer \u010dija je Vlada donijela mjere o zabrani javnog okupljanja najavio je prisustvo tome neprijavljenom skupu, isto kao \u0110ukanovi\u0107 na Cetinju. Skupu je prisustvovalo 9000 gra\u0111ana i policija ga je uredno ispratila i obezbje\u0111ivala, ne upozoriv\u0161i okupljene da je skup neprijavljen i da treba da se razi\u0111u. Na ju\u010dera\u0161njem skupu je bilo oko sto gra\u0111ana, policija je \u201enormalno\u201c upozorila okupljene da se razi\u0111u jer skup nije prijavljen. Tako, na jednom naizgled banalnom primjeru se lako mo\u017ee uo\u010diti vladavina neprava, tj. da zakon nije isti za sve, te da UP i Vijesti tretiraju javna okupljanja u skladu sa tim da li ta okupljanja podr\u017eavaju ili ne. Potpuno sam siguran da ogroman broj gra\u0111ana uop\u0161te ne zna da skup povodom dana Svetog Vasilija Ostro\u0161kog nije bio prijavljen, upravo jer su Uprava policije i Vijesti pre\u0161utjele tu \u010dinjenicu.<\/em><\/p><\/blockquote>\n<p>Foto: Omer \u0160ARKI\u0106<\/p>\n","protected":false},"excerpt":{"rendered":"<p>Pi\u0161e: Omer \u0160ARKI\u0106<\/p>\n","protected":false},"author":12,"featured_media":328510,"comment_status":"open","ping_status":"closed","sticky":false,"template":"","format":"standard","meta":{"_seopress_robots_primary_cat":"","_seopress_titles_title":"","_seopress_titles_desc":"","_seopress_robots_index":"","_et_pb_use_builder":"","_et_pb_old_content":"","_et_gb_content_width":"","inline_featured_image":false,"footnotes":""},"categories":[17],"tags":[],"class_list":["post-328504","post","type-post","status-publish","format-standard","has-post-thumbnail","hentry","category-blogovi"],"_links":{"self":[{"href":"https:\/\/www.pcnen.com\/portal\/wp-json\/wp\/v2\/posts\/328504","targetHints":{"allow":["GET"]}}],"collection":[{"href":"https:\/\/www.pcnen.com\/portal\/wp-json\/wp\/v2\/posts"}],"about":[{"href":"https:\/\/www.pcnen.com\/portal\/wp-json\/wp\/v2\/types\/post"}],"author":[{"embeddable":true,"href":"https:\/\/www.pcnen.com\/portal\/wp-json\/wp\/v2\/users\/12"}],"replies":[{"embeddable":true,"href":"https:\/\/www.pcnen.com\/portal\/wp-json\/wp\/v2\/comments?post=328504"}],"version-history":[{"count":6,"href":"https:\/\/www.pcnen.com\/portal\/wp-json\/wp\/v2\/posts\/328504\/revisions"}],"predecessor-version":[{"id":328514,"href":"https:\/\/www.pcnen.com\/portal\/wp-json\/wp\/v2\/posts\/328504\/revisions\/328514"}],"wp:featuredmedia":[{"embeddable":true,"href":"https:\/\/www.pcnen.com\/portal\/wp-json\/wp\/v2\/media\/328510"}],"wp:attachment":[{"href":"https:\/\/www.pcnen.com\/portal\/wp-json\/wp\/v2\/media?parent=328504"}],"wp:term":[{"taxonomy":"category","embeddable":true,"href":"https:\/\/www.pcnen.com\/portal\/wp-json\/wp\/v2\/categories?post=328504"},{"taxonomy":"post_tag","embeddable":true,"href":"https:\/\/www.pcnen.com\/portal\/wp-json\/wp\/v2\/tags?post=328504"}],"curies":[{"name":"wp","href":"https:\/\/api.w.org\/{rel}","templated":true}]}}