{"id":32846,"date":"2009-11-21T16:58:17","date_gmt":"2009-11-21T16:58:17","guid":{"rendered":"http:\/\/www.pcnen.com\/portal\/?p=32846"},"modified":"2009-11-21T16:58:17","modified_gmt":"2009-11-21T16:58:17","slug":"na-kosovu-ranjen-ceski-pripadnik-kfor-a","status":"publish","type":"post","link":"https:\/\/www.pcnen.com\/portal\/2009\/11\/21\/na-kosovu-ranjen-ceski-pripadnik-kfor-a\/","title":{"rendered":"Na Kosovu ranjen \u010de\u0161ki pripadnik Kfor-a"},"content":{"rendered":"<p>\u010ce&scaron;ki vojnik povrije\u0111en je danas u bazi kontigenta te zemlje u snagama Kfor na Kosovu u &Scaron;ajkovcu, a prema prvim saznanjima je na njega pucao kolega iz jedinice, saop&scaron;tilo je \u010de&scaron;ko Ministarstvo odbrane. <\/p>\n<p>&quot;Postoji ozbiljna sumnja da mu je povredu nanio kolega iz kontingenta, vodi se istraga koliko je on kriv&quot;, kazao je portparol Ministarstva Andrej \u010cirtek. <\/p>\n<p>Povrijedjeni vojnik je prevezen u ameri\u010dku vojnu bolnicu gdje je odmah operisan i nije u \u017eivotnoj opasnosti, prenosi <em>RSE<\/em>.<\/p>\n","protected":false},"excerpt":{"rendered":"<p>\u010ce&scaron;ki vojnik povrije\u0111en je danas u bazi kontigenta te zemlje u snagama Kfor na Kosovu u &Scaron;ajkovcu, a prema prvim saznanjima je na njega pucao kolega iz jedinice, saop&scaron;tilo je \u010de&scaron;ko Ministarstvo odbrane. &quot;Postoji ozbiljna sumnja da mu je povredu nanio kolega iz kontingenta, vodi se istraga koliko je on kriv&quot;, kazao je portparol Ministarstva [&hellip;]<\/p>\n","protected":false},"author":1,"featured_media":0,"comment_status":"open","ping_status":"closed","sticky":false,"template":"","format":"standard","meta":{"_seopress_robots_primary_cat":"","_seopress_titles_title":"","_seopress_titles_desc":"","_seopress_robots_index":"","_et_pb_use_builder":"","_et_pb_old_content":"","_et_gb_content_width":"","inline_featured_image":false,"footnotes":""},"categories":[14],"tags":[],"class_list":["post-32846","post","type-post","status-publish","format-standard","hentry","category-vijesti"],"_links":{"self":[{"href":"https:\/\/www.pcnen.com\/portal\/wp-json\/wp\/v2\/posts\/32846","targetHints":{"allow":["GET"]}}],"collection":[{"href":"https:\/\/www.pcnen.com\/portal\/wp-json\/wp\/v2\/posts"}],"about":[{"href":"https:\/\/www.pcnen.com\/portal\/wp-json\/wp\/v2\/types\/post"}],"author":[{"embeddable":true,"href":"https:\/\/www.pcnen.com\/portal\/wp-json\/wp\/v2\/users\/1"}],"replies":[{"embeddable":true,"href":"https:\/\/www.pcnen.com\/portal\/wp-json\/wp\/v2\/comments?post=32846"}],"version-history":[{"count":0,"href":"https:\/\/www.pcnen.com\/portal\/wp-json\/wp\/v2\/posts\/32846\/revisions"}],"wp:attachment":[{"href":"https:\/\/www.pcnen.com\/portal\/wp-json\/wp\/v2\/media?parent=32846"}],"wp:term":[{"taxonomy":"category","embeddable":true,"href":"https:\/\/www.pcnen.com\/portal\/wp-json\/wp\/v2\/categories?post=32846"},{"taxonomy":"post_tag","embeddable":true,"href":"https:\/\/www.pcnen.com\/portal\/wp-json\/wp\/v2\/tags?post=32846"}],"curies":[{"name":"wp","href":"https:\/\/api.w.org\/{rel}","templated":true}]}}