{"id":32839,"date":"2009-11-21T12:13:52","date_gmt":"2009-11-21T12:13:52","guid":{"rendered":"http:\/\/www.pcnen.com\/portal\/?p=32839"},"modified":"2009-11-21T12:13:52","modified_gmt":"2009-11-21T12:13:52","slug":"dukanovic-se-ogradio-od-dinosine-izjave","status":"publish","type":"post","link":"https:\/\/www.pcnen.com\/portal\/2009\/11\/21\/dukanovic-se-ogradio-od-dinosine-izjave\/","title":{"rendered":"\u0110ukanovi\u0107 se ogradio od Dino\u0161ine izjave"},"content":{"rendered":"<p>Crnogorski premijer Milo \u0110ukanovi\u0107 rekao je da izjava ministra za ljudska i manjinska prava Ferhata Dino&scaron;e o gej populaciji nije zvani\u010dni stav Vlade.<\/p>\n<p>\u0110ukanovi\u0107 je, u izjavi <em>Vijestima<\/em>, kazao da je to li\u010dni stav Dino&scaron;e, a da je Vlada &quot;apsolutno posve\u0107ena pravima svih manjina, uklju\u010duju\u0107i i tu manjinu&quot;, prenijela je TV <em>Vijesti<\/em>.<\/p>\n<p>On je dodao da \u0107e Dino&scaron;a i ubudu\u0107e &scaron;tititi sve ono &scaron;to su me\u0111unarodni standardi.<\/p>\n","protected":false},"excerpt":{"rendered":"<p>Crnogorski premijer Milo \u0110ukanovi\u0107 rekao je da izjava ministra za ljudska i manjinska prava Ferhata Dino&scaron;e o gej populaciji nije zvani\u010dni stav Vlade. \u0110ukanovi\u0107 je, u izjavi Vijestima, kazao da je to li\u010dni stav Dino&scaron;e, a da je Vlada &quot;apsolutno posve\u0107ena pravima svih manjina, uklju\u010duju\u0107i i tu manjinu&quot;, prenijela je TV Vijesti. On je dodao [&hellip;]<\/p>\n","protected":false},"author":1,"featured_media":0,"comment_status":"open","ping_status":"closed","sticky":false,"template":"","format":"standard","meta":{"_seopress_robots_primary_cat":"","_seopress_titles_title":"","_seopress_titles_desc":"","_seopress_robots_index":"","_et_pb_use_builder":"","_et_pb_old_content":"","_et_gb_content_width":"","inline_featured_image":false,"footnotes":""},"categories":[14],"tags":[],"class_list":["post-32839","post","type-post","status-publish","format-standard","hentry","category-vijesti"],"_links":{"self":[{"href":"https:\/\/www.pcnen.com\/portal\/wp-json\/wp\/v2\/posts\/32839","targetHints":{"allow":["GET"]}}],"collection":[{"href":"https:\/\/www.pcnen.com\/portal\/wp-json\/wp\/v2\/posts"}],"about":[{"href":"https:\/\/www.pcnen.com\/portal\/wp-json\/wp\/v2\/types\/post"}],"author":[{"embeddable":true,"href":"https:\/\/www.pcnen.com\/portal\/wp-json\/wp\/v2\/users\/1"}],"replies":[{"embeddable":true,"href":"https:\/\/www.pcnen.com\/portal\/wp-json\/wp\/v2\/comments?post=32839"}],"version-history":[{"count":0,"href":"https:\/\/www.pcnen.com\/portal\/wp-json\/wp\/v2\/posts\/32839\/revisions"}],"wp:attachment":[{"href":"https:\/\/www.pcnen.com\/portal\/wp-json\/wp\/v2\/media?parent=32839"}],"wp:term":[{"taxonomy":"category","embeddable":true,"href":"https:\/\/www.pcnen.com\/portal\/wp-json\/wp\/v2\/categories?post=32839"},{"taxonomy":"post_tag","embeddable":true,"href":"https:\/\/www.pcnen.com\/portal\/wp-json\/wp\/v2\/tags?post=32839"}],"curies":[{"name":"wp","href":"https:\/\/api.w.org\/{rel}","templated":true}]}}