{"id":32837,"date":"2009-11-21T10:24:10","date_gmt":"2009-11-21T10:24:10","guid":{"rendered":"http:\/\/www.pcnen.com\/portal\/?p=32837"},"modified":"2009-11-21T10:24:10","modified_gmt":"2009-11-21T10:24:10","slug":"sarajevo-konsultacije-o-osnivanju-rekom","status":"publish","type":"post","link":"https:\/\/www.pcnen.com\/portal\/2009\/11\/21\/sarajevo-konsultacije-o-osnivanju-rekom\/","title":{"rendered":"Sarajevo: Konsultacije o osnivanju REKOM"},"content":{"rendered":"<p>Udru\u017eenje BH novinari, u saradnji sa \u010dlanovima Koordinacionog vije\u0107a inicijative <a href=\"http:\/\/www.korekom.org\/\">REKOM<\/a>, organizuje danas u Sarajevu konsultacije o osnivanju regionalne komisije za utvr\u0111ivanje \u010dinjenica o ratnim zlo\u010dinima i drugim te&scaron;kim povredama ljudskih prava u biv&scaron;oj Jugoslaviji. <\/p>\n<p>Na dana&scaron;njim konsultacijama \u0107e u\u010destvovati oko 50 predstavnika udru\u017eenja i asocijacija za za&scaron;titu ljudskih prava, prava \u017ertava, nestalih osoba, udru\u017eenja logora&scaron;a i drugih, saop&scaron;tilo je Udru\u017eenje BH novinari, prenosi <em>Doj\u010de vele<\/em>.<\/p>\n","protected":false},"excerpt":{"rendered":"<p>Udru\u017eenje BH novinari, u saradnji sa \u010dlanovima Koordinacionog vije\u0107a inicijative REKOM, organizuje danas u Sarajevu konsultacije o osnivanju regionalne komisije za utvr\u0111ivanje \u010dinjenica o ratnim zlo\u010dinima i drugim te&scaron;kim povredama ljudskih prava u biv&scaron;oj Jugoslaviji. Na dana&scaron;njim konsultacijama \u0107e u\u010destvovati oko 50 predstavnika udru\u017eenja i asocijacija za za&scaron;titu ljudskih prava, prava \u017ertava, nestalih osoba, udru\u017eenja [&hellip;]<\/p>\n","protected":false},"author":1,"featured_media":0,"comment_status":"open","ping_status":"closed","sticky":false,"template":"","format":"standard","meta":{"_seopress_robots_primary_cat":"","_seopress_titles_title":"","_seopress_titles_desc":"","_seopress_robots_index":"","_et_pb_use_builder":"","_et_pb_old_content":"","_et_gb_content_width":"","inline_featured_image":false,"footnotes":""},"categories":[14],"tags":[],"class_list":["post-32837","post","type-post","status-publish","format-standard","hentry","category-vijesti"],"_links":{"self":[{"href":"https:\/\/www.pcnen.com\/portal\/wp-json\/wp\/v2\/posts\/32837","targetHints":{"allow":["GET"]}}],"collection":[{"href":"https:\/\/www.pcnen.com\/portal\/wp-json\/wp\/v2\/posts"}],"about":[{"href":"https:\/\/www.pcnen.com\/portal\/wp-json\/wp\/v2\/types\/post"}],"author":[{"embeddable":true,"href":"https:\/\/www.pcnen.com\/portal\/wp-json\/wp\/v2\/users\/1"}],"replies":[{"embeddable":true,"href":"https:\/\/www.pcnen.com\/portal\/wp-json\/wp\/v2\/comments?post=32837"}],"version-history":[{"count":0,"href":"https:\/\/www.pcnen.com\/portal\/wp-json\/wp\/v2\/posts\/32837\/revisions"}],"wp:attachment":[{"href":"https:\/\/www.pcnen.com\/portal\/wp-json\/wp\/v2\/media?parent=32837"}],"wp:term":[{"taxonomy":"category","embeddable":true,"href":"https:\/\/www.pcnen.com\/portal\/wp-json\/wp\/v2\/categories?post=32837"},{"taxonomy":"post_tag","embeddable":true,"href":"https:\/\/www.pcnen.com\/portal\/wp-json\/wp\/v2\/tags?post=32837"}],"curies":[{"name":"wp","href":"https:\/\/api.w.org\/{rel}","templated":true}]}}