{"id":32836,"date":"2009-11-21T10:18:14","date_gmt":"2009-11-21T10:18:14","guid":{"rendered":"http:\/\/www.pcnen.com\/portal\/?p=32836"},"modified":"2009-11-21T10:18:14","modified_gmt":"2009-11-21T10:18:14","slug":"od-dejtona-14-godina","status":"publish","type":"post","link":"https:\/\/www.pcnen.com\/portal\/2009\/11\/21\/od-dejtona-14-godina\/","title":{"rendered":"Od Dejtona 14 godina"},"content":{"rendered":"<p>Na dana&scaron;nji dan 1995. godine u vojnoj bazi Rajt Peterson (Wright Patterson) u Dejtonu, u ameri\u010dkoj saveznoj dr\u017eavi Ohajo, potpisan je Dejtonski sporazum, dokument kojim je zaustavljen rat u Bosni i Hercegovini. <\/p>\n<p>Tvorcem sporazuma smatra se ameri\u010dki diplomata Ri\u010dard Holbruk.<\/p>\n<p><em>Radio Slobodna Evropa<\/em> <a href=\"http:\/\/www.pcnen.com\/Od%20Dejtona%2014%20godina\">podsje\u0107a<\/a> na izjave potpisnika Dejtonskog sporazuma, od kojih ni jedan nije \u017eiv, a sporazum je jo&scaron; uvijek Ustav BiH.<\/p>\n<p>Predsjednik Predsjedni&scaron;tva BiH Alija Iztebegovi\u0107:<\/p>\n<p><em>&quot;Ja ka\u017eem ovo mo\u017eda nije pravi\u010dan mir, ali je pravi\u010dniji nego nastavak rata.&quot;<\/em><\/p>\n<p>Hrvatski predsjednik Franjo Tu\u0111man:<\/p>\n<p><em>&quot;Dramati\u010dni karakter ovih pregovora u kojima je postignuto rje&scaron;enje kada su svi mislili da \u0107e pregovori propasti, sve to tako\u0111er simolizira te&scaron;ko\u0107e, ne krize.&quot;<\/em><\/p>\n<p>Srbijanski predsjednik Slobodan Milo&scaron;evi\u0107: <\/p>\n<p><em>&quot;Rat u Bosni treba ostaviti pro&scaron;losti, dok mir, razumevanje, ekonomski i kulturni razvoj treba da stupe na scenu.&quot;<\/em> <\/p>\n","protected":false},"excerpt":{"rendered":"<p>Na dana&scaron;nji dan 1995. godine u vojnoj bazi Rajt Peterson (Wright Patterson) u Dejtonu, u ameri\u010dkoj saveznoj dr\u017eavi Ohajo, potpisan je Dejtonski sporazum, dokument kojim je zaustavljen rat u Bosni i Hercegovini. Tvorcem sporazuma smatra se ameri\u010dki diplomata Ri\u010dard Holbruk. Radio Slobodna Evropa podsje\u0107a na izjave potpisnika Dejtonskog sporazuma, od kojih ni jedan nije \u017eiv, [&hellip;]<\/p>\n","protected":false},"author":1,"featured_media":0,"comment_status":"open","ping_status":"closed","sticky":false,"template":"","format":"standard","meta":{"_seopress_robots_primary_cat":"","_seopress_titles_title":"","_seopress_titles_desc":"","_seopress_robots_index":"","_et_pb_use_builder":"","_et_pb_old_content":"","_et_gb_content_width":"","inline_featured_image":false,"footnotes":""},"categories":[14],"tags":[],"class_list":["post-32836","post","type-post","status-publish","format-standard","hentry","category-vijesti"],"_links":{"self":[{"href":"https:\/\/www.pcnen.com\/portal\/wp-json\/wp\/v2\/posts\/32836","targetHints":{"allow":["GET"]}}],"collection":[{"href":"https:\/\/www.pcnen.com\/portal\/wp-json\/wp\/v2\/posts"}],"about":[{"href":"https:\/\/www.pcnen.com\/portal\/wp-json\/wp\/v2\/types\/post"}],"author":[{"embeddable":true,"href":"https:\/\/www.pcnen.com\/portal\/wp-json\/wp\/v2\/users\/1"}],"replies":[{"embeddable":true,"href":"https:\/\/www.pcnen.com\/portal\/wp-json\/wp\/v2\/comments?post=32836"}],"version-history":[{"count":0,"href":"https:\/\/www.pcnen.com\/portal\/wp-json\/wp\/v2\/posts\/32836\/revisions"}],"wp:attachment":[{"href":"https:\/\/www.pcnen.com\/portal\/wp-json\/wp\/v2\/media?parent=32836"}],"wp:term":[{"taxonomy":"category","embeddable":true,"href":"https:\/\/www.pcnen.com\/portal\/wp-json\/wp\/v2\/categories?post=32836"},{"taxonomy":"post_tag","embeddable":true,"href":"https:\/\/www.pcnen.com\/portal\/wp-json\/wp\/v2\/tags?post=32836"}],"curies":[{"name":"wp","href":"https:\/\/api.w.org\/{rel}","templated":true}]}}