{"id":32831,"date":"2009-11-20T20:24:50","date_gmt":"2009-11-20T20:24:50","guid":{"rendered":"http:\/\/www.pcnen.com\/portal\/?p=32831"},"modified":"2009-11-20T20:24:50","modified_gmt":"2009-11-20T20:24:50","slug":"srebrenica-otkrivena-sesta-masovna-grobnica","status":"publish","type":"post","link":"https:\/\/www.pcnen.com\/portal\/2009\/11\/20\/srebrenica-otkrivena-sesta-masovna-grobnica\/","title":{"rendered":"Srebrenica: Otkrivena \u0161esta masovna grobnica"},"content":{"rendered":"<p>\u010clanovi ekspertnog tima Tu\u017eila&scaron;tva Tuzlanskog kantona i Instituta za tra\u017eenje nestalih osoba BiH prona&scaron;li su vi&scaron;e skeletnih ostataka i odjevnih predmeta u masovnoj grobnici <em>Zalazje<\/em> kod Srebrenice.<\/p>\n<p>\u010clan Instituta za tra\u017eenje nestalih osoba BiH Sadik Selimovi\u0107 potvrdio je da je rije\u010d o Srebreni\u010danima koji su zarobljeni u okolini Bratunca, ubijeni u Kravici, te prvobitno sahranjeni u Glogovoj, a potom izmje&scaron;tana u grobnice u Zelenom Jadru i na druge lokacije, javlja <em>Radio Slobodna Evropa<\/em>.<\/p>\n<p>Ovo je do sada &scaron;esta masovna grobnica otkrivena na podru\u010dju op&scaron;ine Srebrenica.<\/p>\n","protected":false},"excerpt":{"rendered":"<p>\u010clanovi ekspertnog tima Tu\u017eila&scaron;tva Tuzlanskog kantona i Instituta za tra\u017eenje nestalih osoba BiH prona&scaron;li su vi&scaron;e skeletnih ostataka i odjevnih predmeta u masovnoj grobnici Zalazje kod Srebrenice. \u010clan Instituta za tra\u017eenje nestalih osoba BiH Sadik Selimovi\u0107 potvrdio je da je rije\u010d o Srebreni\u010danima koji su zarobljeni u okolini Bratunca, ubijeni u Kravici, te prvobitno sahranjeni [&hellip;]<\/p>\n","protected":false},"author":1,"featured_media":0,"comment_status":"open","ping_status":"closed","sticky":false,"template":"","format":"standard","meta":{"_seopress_robots_primary_cat":"","_seopress_titles_title":"","_seopress_titles_desc":"","_seopress_robots_index":"","_et_pb_use_builder":"","_et_pb_old_content":"","_et_gb_content_width":"","inline_featured_image":false,"footnotes":""},"categories":[14],"tags":[],"class_list":["post-32831","post","type-post","status-publish","format-standard","hentry","category-vijesti"],"_links":{"self":[{"href":"https:\/\/www.pcnen.com\/portal\/wp-json\/wp\/v2\/posts\/32831","targetHints":{"allow":["GET"]}}],"collection":[{"href":"https:\/\/www.pcnen.com\/portal\/wp-json\/wp\/v2\/posts"}],"about":[{"href":"https:\/\/www.pcnen.com\/portal\/wp-json\/wp\/v2\/types\/post"}],"author":[{"embeddable":true,"href":"https:\/\/www.pcnen.com\/portal\/wp-json\/wp\/v2\/users\/1"}],"replies":[{"embeddable":true,"href":"https:\/\/www.pcnen.com\/portal\/wp-json\/wp\/v2\/comments?post=32831"}],"version-history":[{"count":0,"href":"https:\/\/www.pcnen.com\/portal\/wp-json\/wp\/v2\/posts\/32831\/revisions"}],"wp:attachment":[{"href":"https:\/\/www.pcnen.com\/portal\/wp-json\/wp\/v2\/media?parent=32831"}],"wp:term":[{"taxonomy":"category","embeddable":true,"href":"https:\/\/www.pcnen.com\/portal\/wp-json\/wp\/v2\/categories?post=32831"},{"taxonomy":"post_tag","embeddable":true,"href":"https:\/\/www.pcnen.com\/portal\/wp-json\/wp\/v2\/tags?post=32831"}],"curies":[{"name":"wp","href":"https:\/\/api.w.org\/{rel}","templated":true}]}}