{"id":32824,"date":"2009-11-20T15:15:31","date_gmt":"2009-11-20T15:15:31","guid":{"rendered":"http:\/\/www.pcnen.com\/portal\/?p=32824"},"modified":"2009-11-20T15:15:31","modified_gmt":"2009-11-20T15:15:31","slug":"cdsk-protiv-uspostavljanja-diplomatskih-odnosa-sa-kosovom","status":"publish","type":"post","link":"https:\/\/www.pcnen.com\/portal\/2009\/11\/20\/cdsk-protiv-uspostavljanja-diplomatskih-odnosa-sa-kosovom\/","title":{"rendered":"CDSK  protiv uspostavljanja diplomatskih odnosa sa Kosovom"},"content":{"rendered":"<p>Crna Gora ne bi&nbsp;trebalo&nbsp; da uspostavi diplomatske odnose sa Kosovom&nbsp; sve dok&nbsp;Crnogorci ne budu uvr&scaron;teni kao nacionalna zajednica u kosovski Ustav, ocijenili su predstavnici Crnogorske demokratske stranke Kosova, Saveza udru\u017eenja raseljenih i izbjeglih i Udru\u017eenja Crnogoraca Kosova u pismu crnogorskom predsjedniku Filipu Vujanovi\u0107u. <\/p>\n<p>&quot;Smatramo da Crna Gora ne treba da uspostavi diplomatske odnose sa Kosovom&nbsp; sve dok Crnogorci ne budu uvr&scaron;teni kao nacionalna zajednica u kosovski Ustav. Jer ukoliko to urade vi&scaron;e ne\u0107e biti potrebe da sara\u0111jemo po tom pitanju&quot;, rekao je predsjednik&nbsp;Crnogorske demokratska stranka Kosova Slobodan Vuji\u010di\u0107.<\/p>\n<p>Predsjednik Udru\u017eenja Crnogoraca Kosova Aleksandar \u0110oki\u0107 tvrdi&nbsp;da bi se uspostavljanjem diplomatskih odnosa sa Pri&scaron;tinom &quot;legalizovalo desetogodi&scaron;nje zlo nad Crnogorcima i Srbima na Kosovu&quot;, prenosi <em>Radio Antena M.<\/em> <\/p>\n","protected":false},"excerpt":{"rendered":"<p>Crna Gora ne bi&nbsp;trebalo&nbsp; da uspostavi diplomatske odnose sa Kosovom&nbsp; sve dok&nbsp;Crnogorci ne budu uvr&scaron;teni kao nacionalna zajednica u kosovski Ustav, ocijenili su predstavnici Crnogorske demokratske stranke Kosova, Saveza udru\u017eenja raseljenih i izbjeglih i Udru\u017eenja Crnogoraca Kosova u pismu crnogorskom predsjedniku Filipu Vujanovi\u0107u. &quot;Smatramo da Crna Gora ne treba da uspostavi diplomatske odnose sa Kosovom&nbsp; [&hellip;]<\/p>\n","protected":false},"author":1,"featured_media":0,"comment_status":"open","ping_status":"closed","sticky":false,"template":"","format":"standard","meta":{"_seopress_robots_primary_cat":"","_seopress_titles_title":"","_seopress_titles_desc":"","_seopress_robots_index":"","_et_pb_use_builder":"","_et_pb_old_content":"","_et_gb_content_width":"","inline_featured_image":false,"footnotes":""},"categories":[14],"tags":[],"class_list":["post-32824","post","type-post","status-publish","format-standard","hentry","category-vijesti"],"_links":{"self":[{"href":"https:\/\/www.pcnen.com\/portal\/wp-json\/wp\/v2\/posts\/32824","targetHints":{"allow":["GET"]}}],"collection":[{"href":"https:\/\/www.pcnen.com\/portal\/wp-json\/wp\/v2\/posts"}],"about":[{"href":"https:\/\/www.pcnen.com\/portal\/wp-json\/wp\/v2\/types\/post"}],"author":[{"embeddable":true,"href":"https:\/\/www.pcnen.com\/portal\/wp-json\/wp\/v2\/users\/1"}],"replies":[{"embeddable":true,"href":"https:\/\/www.pcnen.com\/portal\/wp-json\/wp\/v2\/comments?post=32824"}],"version-history":[{"count":0,"href":"https:\/\/www.pcnen.com\/portal\/wp-json\/wp\/v2\/posts\/32824\/revisions"}],"wp:attachment":[{"href":"https:\/\/www.pcnen.com\/portal\/wp-json\/wp\/v2\/media?parent=32824"}],"wp:term":[{"taxonomy":"category","embeddable":true,"href":"https:\/\/www.pcnen.com\/portal\/wp-json\/wp\/v2\/categories?post=32824"},{"taxonomy":"post_tag","embeddable":true,"href":"https:\/\/www.pcnen.com\/portal\/wp-json\/wp\/v2\/tags?post=32824"}],"curies":[{"name":"wp","href":"https:\/\/api.w.org\/{rel}","templated":true}]}}