{"id":32823,"date":"2009-11-20T14:24:31","date_gmt":"2009-11-20T14:24:31","guid":{"rendered":"http:\/\/www.pcnen.com\/portal\/?p=32823"},"modified":"2009-11-20T14:24:31","modified_gmt":"2009-11-20T14:24:31","slug":"u-banja-luci-perfomans-u-slavu-karadzica","status":"publish","type":"post","link":"https:\/\/www.pcnen.com\/portal\/2009\/11\/20\/u-banja-luci-perfomans-u-slavu-karadzica\/","title":{"rendered":"U Banja Luci perfomans u slavu Karad\u017ei\u0107a"},"content":{"rendered":"<p>Srpski narodni pokret &quot;Izbor je na&scaron;&quot; organizova\u0107e sjutra u Banja Luci performans kojim \u0107e \u010destitati krsnu slavu Aran\u0111elovdan prvom predsjedniku Republike Srpske Radovanu Karad\u017ei\u0107u. Najavljeno je da \u0107e gra\u0111ani imati priliku da potpi&scaron;u \u010destitku koja \u0107e biti proslije\u0111ena Karad\u017ei\u0107u u Hag. <\/p>\n<p>Predsjednik SNP Dane \u010cankovi\u0107 rekao je <em>Srni<\/em> da ova nevladina organizacija stoji iza plakata sa likom Karad\u017ei\u0107a i Svetog arhan\u0111ela Mihaila u pozadini koji su se jutros pojavili na vi&scaron;e lokacija u Banja Luci. <\/p>\n<p>Plakati su, ka\u017ee, najava i pozivnica za perfomans koji \u0107e biti odr\u017ean sjutra u 12.00 \u010dasova na Trgu Krajine. <\/p>\n","protected":false},"excerpt":{"rendered":"<p>Srpski narodni pokret &quot;Izbor je na&scaron;&quot; organizova\u0107e sjutra u Banja Luci performans kojim \u0107e \u010destitati krsnu slavu Aran\u0111elovdan prvom predsjedniku Republike Srpske Radovanu Karad\u017ei\u0107u. Najavljeno je da \u0107e gra\u0111ani imati priliku da potpi&scaron;u \u010destitku koja \u0107e biti proslije\u0111ena Karad\u017ei\u0107u u Hag. Predsjednik SNP Dane \u010cankovi\u0107 rekao je Srni da ova nevladina organizacija stoji iza plakata [&hellip;]<\/p>\n","protected":false},"author":1,"featured_media":0,"comment_status":"open","ping_status":"closed","sticky":false,"template":"","format":"standard","meta":{"_seopress_robots_primary_cat":"","_seopress_titles_title":"","_seopress_titles_desc":"","_seopress_robots_index":"","_et_pb_use_builder":"","_et_pb_old_content":"","_et_gb_content_width":"","inline_featured_image":false,"footnotes":""},"categories":[14],"tags":[],"class_list":["post-32823","post","type-post","status-publish","format-standard","hentry","category-vijesti"],"_links":{"self":[{"href":"https:\/\/www.pcnen.com\/portal\/wp-json\/wp\/v2\/posts\/32823","targetHints":{"allow":["GET"]}}],"collection":[{"href":"https:\/\/www.pcnen.com\/portal\/wp-json\/wp\/v2\/posts"}],"about":[{"href":"https:\/\/www.pcnen.com\/portal\/wp-json\/wp\/v2\/types\/post"}],"author":[{"embeddable":true,"href":"https:\/\/www.pcnen.com\/portal\/wp-json\/wp\/v2\/users\/1"}],"replies":[{"embeddable":true,"href":"https:\/\/www.pcnen.com\/portal\/wp-json\/wp\/v2\/comments?post=32823"}],"version-history":[{"count":0,"href":"https:\/\/www.pcnen.com\/portal\/wp-json\/wp\/v2\/posts\/32823\/revisions"}],"wp:attachment":[{"href":"https:\/\/www.pcnen.com\/portal\/wp-json\/wp\/v2\/media?parent=32823"}],"wp:term":[{"taxonomy":"category","embeddable":true,"href":"https:\/\/www.pcnen.com\/portal\/wp-json\/wp\/v2\/categories?post=32823"},{"taxonomy":"post_tag","embeddable":true,"href":"https:\/\/www.pcnen.com\/portal\/wp-json\/wp\/v2\/tags?post=32823"}],"curies":[{"name":"wp","href":"https:\/\/api.w.org\/{rel}","templated":true}]}}