{"id":328182,"date":"2021-09-17T10:09:07","date_gmt":"2021-09-17T08:09:07","guid":{"rendered":"https:\/\/www.pcnen.com\/portal\/?p=328182"},"modified":"2021-09-17T10:09:07","modified_gmt":"2021-09-17T08:09:07","slug":"posredovanje","status":"publish","type":"post","link":"https:\/\/www.pcnen.com\/portal\/2021\/09\/17\/posredovanje\/","title":{"rendered":"Posredovanje"},"content":{"rendered":"<p>Od kada se, najzad, poslije 30 godina, promjenila vlast i do\u0161lo \u201eneko novo vrijeme na koje \u0107emo se svi morati navi\u0107i\u201c, vrijeme u kojem su gra\u0111ani \u2013 ispostavilo se uglavnom la\u017eni &#8211; preko no\u0107i postali \u201epo\u0161tovani narod, bra\u0107a i sestra\u201c, nacionalizam, vjerski fundamentalizam, isklju\u010divost i mr\u017enja su prosto eksplodirali. Kao duh iz boce, razbuktao se srpski nacionalizam, dodatno podstaknut vjerom(?) i crkvom, istog dana kada se na izborima dobila nova ve\u0107ina. Manifestovan je na razne na\u010dine, od agresivnog mahanja srpskim zastavama uz nacionalisti\u010dke pjesme, do ekscesa u kojim je \u0161irena mr\u017enja prema manjinama, ali i Crnogorcima, upu\u0107ivane im prijetnje, utjerivan strah.<\/p>\n<p>Umjesto da to u korijenu sprije\u010di, nova vlast je sve pravdala \u201eudbom\u201c i njenim podmetanjima. Sastavljena u manastru pod Ostrogom, pod pritiskom pokojnog mitropolita Amfilohija, uz Abazovi\u0107evo javno hvaljenje i pravdanje manastira kao pogodnog mjesta za dono\u0161enje klju\u010dnog dogovora o formiranju Vlade, ona je po\u0161la vi\u0111enim putem. Novom premijeru su vjera i crkva bile vrh agende, Vladu i njene namje\u0161tenike je sastavljao uglavnom od ljudi bliskih crkvi, a u\u010de\u0161\u0107e na litijama je bila glavna preporuka. Manjine su skroz izba\u010dene iz izvr\u0161ne vlasti, a ni \u201epo dubini\u201c uglavnom nije bilo mjesta za njih.<\/p>\n<p>U skladu sa ideolo\u0161kim vi\u0111enjima crkve, istorijski revizionizam i rehabilitacija \u010detni\u010dkog pokreta je postala preovla\u0111uju\u0107a mantra. U vladaju\u0107oj ve\u0107ini su DF, Demokrate i od DF-a odbjegli Krivokapi\u0107 vodili glavnu bitku za naklonost crkve, a i URA se pazila da joj se ne zamjeri jer su svi postali svjesni da od podr\u0161ke crkve zavisi opstanka vladaju\u0107e ve\u0107ine i njihov rejting kao partija.<\/p>\n<p>Takav stav i odnos nove ve\u0107ine i Vlade stvorio je osje\u0107aj ugro\u017eenosti kod velikog dijela nacionalnih Crnogoraca i manjina, poslu\u017eiv\u0161i DPS-u kao respirator za oporavak, poslije gubitka izbora i o\u010dekivane klini\u010dke smrti. DPS je zaigrao na jedinu mogu\u0107u kartu opstanka, predstavljaju\u0107i sebe kao jedinog borca za o\u010duvanje dr\u017eave, za\u0161titnika crnogorskih nacionalnih\u00a0 interesa i manjina, dokazuju\u0107i da su mu sve dotada\u0161nje kampanje na tom fonu bile ispravne. U tom klin\u010du, \u017eele\u0107i da demontira prethodni mafija\u0161ko-koruptivni sistem, gra\u0111anski pokreta URA je \u017emurio na Krivokapi\u0107evo kleronacionalisti\u010dko djelovanje, a Demokrate su odustale od poku\u0161aja da budu gra\u0111anska i zauzele poziciju umjereno srpske, procrkvene partije.<\/p>\n<p>Koriste\u0107i ukazanu priliku, \u0110ukanovi\u0107 je podstakao jak crnogorski nacionalizam kao odgovor na srpsko-klerikalni i, tipi\u010dno za njega, dao mu formu koju do tada nikada nije imao, a to je agresivnost i primitivizam, sa dozom radikalizma. Upregnuo je svoje paralelne centre mo\u0107i, o\u010digledno usipaju\u0107i dio oplja\u010dkanog novca u taj projekat. Uz svima poznate apana\u017ene turbopatriote, kao javnu podr\u0161ku, anga\u017eovao je dio kriminalaca, saradnika biv\u0161e vlasti. Tako je crnogorski nacionalizam, koji je uglavnom bio emancipatorski, antiratni i odbrambeni, koji je u sebi imao neki poseban \u0161mek urbanosti bez primitivizma, napadnosti i isklju\u010divosti, postao kao i svaki drugi: agresivan i opasan. Kao takav, tj. kao i svi drugi nacionalizmi, po\u010deo je \u0161iriti strah i sprovoditi hajke.<\/p>\n<p>Jedna od takvih hajki se sprovodi upravo na URA-u, posebno na njihov op\u0161tinski odbor na Cetinju. Odbornici i \u010dlanovi URA-e se zastra\u0161uju, prijeti im se, izlo\u017eeni su javnom lin\u010du, izop\u0161tenju iz zajednice. Ni porodice im od toga nijesu po\u0161te\u0111ene. Lider URA-e je pod pritiskom ni\u0161ta manjim nego \u0161to je bio izlo\u017een kada je formirana nova Vlada, \u017eigosan kao izdajnik Crne Gore i crnogorskih nacionalnih interesa.<\/p>\n<p>Psovanje muslimanske majke Abazovi\u0107u na cetinjskom \u201eperformansu\u201c me zato nije iznenadilo \u2013 samo rastu\u017eilo, iako se tako ne\u0161to do sada nikada nije de\u0161avalo u \u201ecrnogorskom bloku\u201c. Istina, ve\u0107i dio crnogorskih nacionalista, ali i gra\u0111ana koji su silom (ne)prilika stali u front na \u010dijem je \u010delu o\u010digledno \u0110ukanovi\u0107, nedvosmisleno se, jasno i glasno ogradilo i osudio taj \u0161ovinisti\u010dki ispad.<\/p>\n<p>I kao da nam je bilo malo, poslije svih doga\u0111anja i strahova koje smo pretrpjeli prethodinih dana, izbila je nova kriza, novi poku\u0161aj prekompovanja politi\u010dke scene, u kojem najednom, preko no\u0107i, Demokratski front i Demokrate izlaze sa predlogom za potpunu rekonstrukciju i preure\u0111enje na\u010dina funkcionisanja Vlade, protivno sporazumu koji su potpisali odmah poslije izbora. Dogovor DF-a i Demokrata, o\u010digledno postignut iza le\u0111a tre\u0107e \u010dlanice vladaju\u0107e koalicije, izazvao je pravi rat saop\u0161tenjima ispod svakog nivoa izme\u0111u URA-e i Demokrata. Finale se dogodilo ju\u010de, saop\u0161tenjem URA-e koje je toliko mizerno da se, uprkos svemu, ve\u0107 deceniju ne\u0161to sli\u010dno nije mogla vidjeti kod nas, od momenta kada je pro\u0161la vlast poku\u0161ala diskreditovati Vanju \u0106alovi\u0107 na sli\u010dan na\u010din kako je to ju\u010de uradila URA u poku\u0161avaju diskreditacije Be\u010di\u0107a. \u00a0Tako su nam politi\u010dka scena i odnosi u dru\u0161tvu dotakli dno-dna, dok su gra\u0111ani potpuno rezignirani, izgubljeni, zga\u0111eni politikom onih koje su glasali i od kojih su o\u010dekivali bar neki napredak i makar elementarnu pristojnost.<\/p>\n<p>Summa summarum, iz dana u dan situacija je sve gora, podjele su sve ve\u0107e, mr\u017enja i podjele prosto klju\u010daju, povjerenje u politi\u010dke elite izgubljeno, i ako se hitno ne krene u dijalog i poku\u0161aj nala\u017eenja nekog kompromisa ima\u0107emo jo\u0161 kriza poput one pred Cetinjskim manastirom, opasnih po sve. Na \u017ealost, u situaciji gdje je Krivokapi\u0107 premijer samo jednog dijela gra\u0111ana, odnosno \u0110ukanovi\u0107 predsjednik dr\u017eave drugog, taj kompromis je, \u010dini mi se, skoro nemogu\u0107. Dok nije kasno, hitno je potrebno posredovanje da bi se neki dijalog \u00a0istinski pokrenuo i sti\u0161ale strasti, u suprotnom igramo se vatrom, koja, ako plane, traja\u0107e kao ljetni po\u017eari u nepristupa\u010dnim brdima i planinama. Postoje\u0107e politi\u010dke elite, kako vlasti tako i opozicije su se pokazale nedoraslim i neodgovornim. Piromana imamo napretek, vatrogasaca malo, a jedan piroman mo\u017ee vi\u0161e da popali nego \u0161to stotine vatrogasaca mogu da ugase.<\/p>\n<p>Zato je poslednji je \u010das da se ne\u0161to konkretno preduzme!<\/p>\n","protected":false},"excerpt":{"rendered":"<p>Pi\u0161e: Omer \u0160ARKI\u0106<\/p>\n","protected":false},"author":12,"featured_media":286086,"comment_status":"open","ping_status":"closed","sticky":false,"template":"","format":"standard","meta":{"_seopress_robots_primary_cat":"","_seopress_titles_title":"","_seopress_titles_desc":"","_seopress_robots_index":"","_et_pb_use_builder":"","_et_pb_old_content":"","_et_gb_content_width":"","inline_featured_image":false,"footnotes":""},"categories":[17],"tags":[],"class_list":["post-328182","post","type-post","status-publish","format-standard","has-post-thumbnail","hentry","category-blogovi"],"_links":{"self":[{"href":"https:\/\/www.pcnen.com\/portal\/wp-json\/wp\/v2\/posts\/328182","targetHints":{"allow":["GET"]}}],"collection":[{"href":"https:\/\/www.pcnen.com\/portal\/wp-json\/wp\/v2\/posts"}],"about":[{"href":"https:\/\/www.pcnen.com\/portal\/wp-json\/wp\/v2\/types\/post"}],"author":[{"embeddable":true,"href":"https:\/\/www.pcnen.com\/portal\/wp-json\/wp\/v2\/users\/12"}],"replies":[{"embeddable":true,"href":"https:\/\/www.pcnen.com\/portal\/wp-json\/wp\/v2\/comments?post=328182"}],"version-history":[{"count":3,"href":"https:\/\/www.pcnen.com\/portal\/wp-json\/wp\/v2\/posts\/328182\/revisions"}],"predecessor-version":[{"id":328193,"href":"https:\/\/www.pcnen.com\/portal\/wp-json\/wp\/v2\/posts\/328182\/revisions\/328193"}],"wp:featuredmedia":[{"embeddable":true,"href":"https:\/\/www.pcnen.com\/portal\/wp-json\/wp\/v2\/media\/286086"}],"wp:attachment":[{"href":"https:\/\/www.pcnen.com\/portal\/wp-json\/wp\/v2\/media?parent=328182"}],"wp:term":[{"taxonomy":"category","embeddable":true,"href":"https:\/\/www.pcnen.com\/portal\/wp-json\/wp\/v2\/categories?post=328182"},{"taxonomy":"post_tag","embeddable":true,"href":"https:\/\/www.pcnen.com\/portal\/wp-json\/wp\/v2\/tags?post=328182"}],"curies":[{"name":"wp","href":"https:\/\/api.w.org\/{rel}","templated":true}]}}