{"id":32817,"date":"2009-11-20T12:34:35","date_gmt":"2009-11-20T12:34:35","guid":{"rendered":"http:\/\/www.pcnen.com\/portal\/?p=32817"},"modified":"2009-11-20T12:34:35","modified_gmt":"2009-11-20T12:34:35","slug":"protest-novinara-zbog-cenzure-na-hrt","status":"publish","type":"post","link":"https:\/\/www.pcnen.com\/portal\/2009\/11\/20\/protest-novinara-zbog-cenzure-na-hrt\/","title":{"rendered":"Protest novinara zbog cenzure na HRT"},"content":{"rendered":"<p>Sto pedeset novinara informativnog programa <em>Hrvatske radio televizije<\/em> danas su protestovali nalijepiv&scaron;i na usta flaster \u010dime su \u017eeljeli di\u0107i svoj glas protiv cenzure i medijskih nesloboda na javnoj radio televiziji, javio je <em>RSE<\/em>.<\/p>\n<p>Novinari su, rekao je za RSE Denis Latin, protestiovali protiv na\u010dina na koji se vodi programska politika od kada je na \u010delu&nbsp; HTV glavna urednica Hloverka Novak Srzi\u0107, kao i zbog zabrane javnih istupa novinara. <\/p>\n","protected":false},"excerpt":{"rendered":"<p>Sto pedeset novinara informativnog programa Hrvatske radio televizije danas su protestovali nalijepiv&scaron;i na usta flaster \u010dime su \u017eeljeli di\u0107i svoj glas protiv cenzure i medijskih nesloboda na javnoj radio televiziji, javio je RSE. Novinari su, rekao je za RSE Denis Latin, protestiovali protiv na\u010dina na koji se vodi programska politika od kada je na \u010delu&nbsp; [&hellip;]<\/p>\n","protected":false},"author":1,"featured_media":0,"comment_status":"open","ping_status":"closed","sticky":false,"template":"","format":"standard","meta":{"_seopress_robots_primary_cat":"","_seopress_titles_title":"","_seopress_titles_desc":"","_seopress_robots_index":"","_et_pb_use_builder":"","_et_pb_old_content":"","_et_gb_content_width":"","inline_featured_image":false,"footnotes":""},"categories":[14],"tags":[],"class_list":["post-32817","post","type-post","status-publish","format-standard","hentry","category-vijesti"],"_links":{"self":[{"href":"https:\/\/www.pcnen.com\/portal\/wp-json\/wp\/v2\/posts\/32817","targetHints":{"allow":["GET"]}}],"collection":[{"href":"https:\/\/www.pcnen.com\/portal\/wp-json\/wp\/v2\/posts"}],"about":[{"href":"https:\/\/www.pcnen.com\/portal\/wp-json\/wp\/v2\/types\/post"}],"author":[{"embeddable":true,"href":"https:\/\/www.pcnen.com\/portal\/wp-json\/wp\/v2\/users\/1"}],"replies":[{"embeddable":true,"href":"https:\/\/www.pcnen.com\/portal\/wp-json\/wp\/v2\/comments?post=32817"}],"version-history":[{"count":0,"href":"https:\/\/www.pcnen.com\/portal\/wp-json\/wp\/v2\/posts\/32817\/revisions"}],"wp:attachment":[{"href":"https:\/\/www.pcnen.com\/portal\/wp-json\/wp\/v2\/media?parent=32817"}],"wp:term":[{"taxonomy":"category","embeddable":true,"href":"https:\/\/www.pcnen.com\/portal\/wp-json\/wp\/v2\/categories?post=32817"},{"taxonomy":"post_tag","embeddable":true,"href":"https:\/\/www.pcnen.com\/portal\/wp-json\/wp\/v2\/tags?post=32817"}],"curies":[{"name":"wp","href":"https:\/\/api.w.org\/{rel}","templated":true}]}}