{"id":32816,"date":"2009-11-20T11:55:02","date_gmt":"2009-11-20T11:55:02","guid":{"rendered":"http:\/\/www.pcnen.com\/portal\/?p=32816"},"modified":"2009-11-20T11:55:02","modified_gmt":"2009-11-20T11:55:02","slug":"kosovska-vladajuca-koalicija-pred-raspadom","status":"publish","type":"post","link":"https:\/\/www.pcnen.com\/portal\/2009\/11\/20\/kosovska-vladajuca-koalicija-pred-raspadom\/","title":{"rendered":"Kosovska vladaju\u0107a koalicija pred raspadom"},"content":{"rendered":"<p><em>Radio Televizija Kosova<\/em> javila je, pozivaju\u0107i se na visoki izvor iz vladaju\u0107e Demokratske partije Kosova premijera Ha&scaron;ima Ta\u010dija da \u0107e do\u0107i do raspada vladaju\u0107e koalicije te stranke i Demokratskog saveza Kosova. <\/p>\n<p>RT V Kosova javila je da do raspada dolazi nakon &scaron;to je Demokratski savez Kosova ne po&scaron;tuju\u0107i koalicijski sporazum, sklopio koaliciju sa drugim politi\u010dkim strankama, iako se dogovorio sa Demokratskom partijom da idu u drugi krug izbora za predsjednika op&scaron;tina 13. decembra. <\/p>\n<p>Prema izvoru, Demokratska partija Kosova \u0107e danas potpisati koaliciju sa Alijansom za novo Kosovo Bed\u017eeta Pacolija i Demokratskim savezom Dardanije Ned\u017eat Daci te s manjinama. <\/p>\n<p>RTV Kosova navodi kako \u0107e novi predsjednik Kosova biti najpoznatiji kosovski poslovni \u010dovjek Bed\u017eet Pacoli, \u010delnik Alijanse za novo Kosovo, premijer Ha&scaron;im Ta\u010di i predsjednik Skup&scaron;tine Kosova Ned\u017eat Daci, predsjednik Demokratskog saveza Dardanije. Te politi\u010dke stranke \u0107e nastupati kao koaliciju i u drugom krugu za izbor predsjednika op&scaron;tina. <\/p>\n","protected":false},"excerpt":{"rendered":"<p>Radio Televizija Kosova javila je, pozivaju\u0107i se na visoki izvor iz vladaju\u0107e Demokratske partije Kosova premijera Ha&scaron;ima Ta\u010dija da \u0107e do\u0107i do raspada vladaju\u0107e koalicije te stranke i Demokratskog saveza Kosova. RT V Kosova javila je da do raspada dolazi nakon &scaron;to je Demokratski savez Kosova ne po&scaron;tuju\u0107i koalicijski sporazum, sklopio koaliciju sa drugim politi\u010dkim [&hellip;]<\/p>\n","protected":false},"author":1,"featured_media":0,"comment_status":"open","ping_status":"closed","sticky":false,"template":"","format":"standard","meta":{"_seopress_robots_primary_cat":"","_seopress_titles_title":"","_seopress_titles_desc":"","_seopress_robots_index":"","_et_pb_use_builder":"","_et_pb_old_content":"","_et_gb_content_width":"","inline_featured_image":false,"footnotes":""},"categories":[14],"tags":[],"class_list":["post-32816","post","type-post","status-publish","format-standard","hentry","category-vijesti"],"_links":{"self":[{"href":"https:\/\/www.pcnen.com\/portal\/wp-json\/wp\/v2\/posts\/32816","targetHints":{"allow":["GET"]}}],"collection":[{"href":"https:\/\/www.pcnen.com\/portal\/wp-json\/wp\/v2\/posts"}],"about":[{"href":"https:\/\/www.pcnen.com\/portal\/wp-json\/wp\/v2\/types\/post"}],"author":[{"embeddable":true,"href":"https:\/\/www.pcnen.com\/portal\/wp-json\/wp\/v2\/users\/1"}],"replies":[{"embeddable":true,"href":"https:\/\/www.pcnen.com\/portal\/wp-json\/wp\/v2\/comments?post=32816"}],"version-history":[{"count":0,"href":"https:\/\/www.pcnen.com\/portal\/wp-json\/wp\/v2\/posts\/32816\/revisions"}],"wp:attachment":[{"href":"https:\/\/www.pcnen.com\/portal\/wp-json\/wp\/v2\/media?parent=32816"}],"wp:term":[{"taxonomy":"category","embeddable":true,"href":"https:\/\/www.pcnen.com\/portal\/wp-json\/wp\/v2\/categories?post=32816"},{"taxonomy":"post_tag","embeddable":true,"href":"https:\/\/www.pcnen.com\/portal\/wp-json\/wp\/v2\/tags?post=32816"}],"curies":[{"name":"wp","href":"https:\/\/api.w.org\/{rel}","templated":true}]}}