{"id":32815,"date":"2009-11-20T11:43:36","date_gmt":"2009-11-20T11:43:36","guid":{"rendered":"http:\/\/www.pcnen.com\/portal\/?p=32815"},"modified":"2009-11-20T11:43:36","modified_gmt":"2009-11-20T11:43:36","slug":"protestima-traze-obustavljanje-pregovora-o-nazivu-makedonije","status":"publish","type":"post","link":"https:\/\/www.pcnen.com\/portal\/2009\/11\/20\/protestima-traze-obustavljanje-pregovora-o-nazivu-makedonije\/","title":{"rendered":"Protestima tra\u017ee obustavljanje pregovora o nazivu Makedonije"},"content":{"rendered":"<p>Pokret otpora za promjenu dr\u017eavnog imena Makedonija protestima \u0107e zatra\u017eiti neodlo\u017eno obustavljanje pregovora izme\u0111u Skoplja i Atine u vezi sa nazivom Makedonija.<\/p>\n<p>Mirni protesti bi\u0107e odr\u017eani danas i 27. novembra ispred centrale misije EU u Skoplju, a protestne &scaron;etnje u Skoplju 2. i 7. decembra. Tada \u0107e biti organizovani protesti i u drugim gradovima Makedonije.<\/p>\n<p>U saradnji sa Svjetskim makedonskim kongresom i makedonskim zajednicama u SAD, Kanadi, Australiji i Evropi, 6. decembra bi\u0107e odr\u017ean &quot;svjetski protest za&scaron;tite dr\u017eavnog imena Makedonije&quot;.<\/p>\n<p>Pokret namjerava i da uputi evropskim institucijama u Briselu i UN izjavu o za&scaron;titi ustavnog imena, javila je agencija <em>Srna<\/em>. <\/p>\n<p>Gr\u010dka je najavila da \u0107e 7. decembra u Briselu ulo\u017eiti veto na datum za po\u010detak pregovora Makedonije sa EU ukoliko ne promijeni ustavno ime, koje za Atinu predstavlja bezbijedonosnu prijetnju budu\u0107i da ona tako naziva svoju sjevernu oblast. <\/p>\n<p>Gr\u010dka podr\u017eava predlog izaslanika EU Metjua Nimica da Skoplje promijeni ime u naziv sa geografskom odrednicom, poput Republika Gornja Makedonija.<\/p>\n<p>Gr\u010dka je na samitu NATO u Bukure&scaron;tu po\u010detkom aprila pro&scaron;le godine iz istih razlog ulo\u017eila veto na prijem Makedonije u Alijansu.<\/p>\n","protected":false},"excerpt":{"rendered":"<p>Pokret otpora za promjenu dr\u017eavnog imena Makedonija protestima \u0107e zatra\u017eiti neodlo\u017eno obustavljanje pregovora izme\u0111u Skoplja i Atine u vezi sa nazivom Makedonija. Mirni protesti bi\u0107e odr\u017eani danas i 27. novembra ispred centrale misije EU u Skoplju, a protestne &scaron;etnje u Skoplju 2. i 7. decembra. Tada \u0107e biti organizovani protesti i u drugim gradovima Makedonije. [&hellip;]<\/p>\n","protected":false},"author":1,"featured_media":0,"comment_status":"open","ping_status":"closed","sticky":false,"template":"","format":"standard","meta":{"_seopress_robots_primary_cat":"","_seopress_titles_title":"","_seopress_titles_desc":"","_seopress_robots_index":"","_et_pb_use_builder":"","_et_pb_old_content":"","_et_gb_content_width":"","inline_featured_image":false,"footnotes":""},"categories":[14],"tags":[],"class_list":["post-32815","post","type-post","status-publish","format-standard","hentry","category-vijesti"],"_links":{"self":[{"href":"https:\/\/www.pcnen.com\/portal\/wp-json\/wp\/v2\/posts\/32815","targetHints":{"allow":["GET"]}}],"collection":[{"href":"https:\/\/www.pcnen.com\/portal\/wp-json\/wp\/v2\/posts"}],"about":[{"href":"https:\/\/www.pcnen.com\/portal\/wp-json\/wp\/v2\/types\/post"}],"author":[{"embeddable":true,"href":"https:\/\/www.pcnen.com\/portal\/wp-json\/wp\/v2\/users\/1"}],"replies":[{"embeddable":true,"href":"https:\/\/www.pcnen.com\/portal\/wp-json\/wp\/v2\/comments?post=32815"}],"version-history":[{"count":0,"href":"https:\/\/www.pcnen.com\/portal\/wp-json\/wp\/v2\/posts\/32815\/revisions"}],"wp:attachment":[{"href":"https:\/\/www.pcnen.com\/portal\/wp-json\/wp\/v2\/media?parent=32815"}],"wp:term":[{"taxonomy":"category","embeddable":true,"href":"https:\/\/www.pcnen.com\/portal\/wp-json\/wp\/v2\/categories?post=32815"},{"taxonomy":"post_tag","embeddable":true,"href":"https:\/\/www.pcnen.com\/portal\/wp-json\/wp\/v2\/tags?post=32815"}],"curies":[{"name":"wp","href":"https:\/\/api.w.org\/{rel}","templated":true}]}}