{"id":32813,"date":"2009-11-20T10:50:00","date_gmt":"2009-11-20T10:50:00","guid":{"rendered":"http:\/\/www.pcnen.com\/portal\/?p=32813"},"modified":"2009-11-20T10:50:00","modified_gmt":"2009-11-20T10:50:00","slug":"sud-odredio-branioca-karadzicu","status":"publish","type":"post","link":"https:\/\/www.pcnen.com\/portal\/2009\/11\/20\/sud-odredio-branioca-karadzicu\/","title":{"rendered":"Sud odredio branioca Karad\u017ei\u0107u"},"content":{"rendered":"<p>Britanski advokat Ri\u010dard Harvi bi\u0107e pravni savjetnik biv&scaron;eg predsjednika Republike Srpske Radovana Karad\u017ei\u0107a, odlu\u010dio je Ha&scaron;ki sud. <\/p>\n<p>Tribunal je danas saop&scaron;tio da je Sekretarijat suda omogu\u0107io Karad\u017ei\u0107u razgovore sa advokatima sa spiska branilaca i da optu\u017eeni nije naveo za kojeg od njih se opredijelio. Harvi se dobrovoljno prijavio za branioca u postupku protiv Karad\u017ei\u0107a, javio je <em>Tanjug<\/em>.&nbsp;<\/p>\n<p>Su\u0111enje Karad\u017ei\u0107u, koje je po\u010delo 27. oktobra izlaganjem uvodne re\u010di tu\u017eila&scaron;tva, prekinuto je 5. novembra po&scaron;to je optu\u017eeni odbio da u\u010destvuje u su\u0111enju dok ne bude spreman da iznese odbranu. <\/p>\n<p>Sudsko vije\u0107e Tribunala je zbog toga prije dvije nedjelje odlu\u010dilo da se Karad\u017ei\u0107u odredi branilac po slu\u017ebenoj du\u017enosti, koji bi zastupao njegove interese na su\u0111enju, a kao datum nastavka su\u0111enja odredilo je 1. mart 2010. godine. <\/p>\n","protected":false},"excerpt":{"rendered":"<p>Britanski advokat Ri\u010dard Harvi bi\u0107e pravni savjetnik biv&scaron;eg predsjednika Republike Srpske Radovana Karad\u017ei\u0107a, odlu\u010dio je Ha&scaron;ki sud. Tribunal je danas saop&scaron;tio da je Sekretarijat suda omogu\u0107io Karad\u017ei\u0107u razgovore sa advokatima sa spiska branilaca i da optu\u017eeni nije naveo za kojeg od njih se opredijelio. Harvi se dobrovoljno prijavio za branioca u postupku protiv Karad\u017ei\u0107a, javio [&hellip;]<\/p>\n","protected":false},"author":1,"featured_media":0,"comment_status":"open","ping_status":"closed","sticky":false,"template":"","format":"standard","meta":{"_seopress_robots_primary_cat":"","_seopress_titles_title":"","_seopress_titles_desc":"","_seopress_robots_index":"","_et_pb_use_builder":"","_et_pb_old_content":"","_et_gb_content_width":"","inline_featured_image":false,"footnotes":""},"categories":[14],"tags":[],"class_list":["post-32813","post","type-post","status-publish","format-standard","hentry","category-vijesti"],"_links":{"self":[{"href":"https:\/\/www.pcnen.com\/portal\/wp-json\/wp\/v2\/posts\/32813","targetHints":{"allow":["GET"]}}],"collection":[{"href":"https:\/\/www.pcnen.com\/portal\/wp-json\/wp\/v2\/posts"}],"about":[{"href":"https:\/\/www.pcnen.com\/portal\/wp-json\/wp\/v2\/types\/post"}],"author":[{"embeddable":true,"href":"https:\/\/www.pcnen.com\/portal\/wp-json\/wp\/v2\/users\/1"}],"replies":[{"embeddable":true,"href":"https:\/\/www.pcnen.com\/portal\/wp-json\/wp\/v2\/comments?post=32813"}],"version-history":[{"count":0,"href":"https:\/\/www.pcnen.com\/portal\/wp-json\/wp\/v2\/posts\/32813\/revisions"}],"wp:attachment":[{"href":"https:\/\/www.pcnen.com\/portal\/wp-json\/wp\/v2\/media?parent=32813"}],"wp:term":[{"taxonomy":"category","embeddable":true,"href":"https:\/\/www.pcnen.com\/portal\/wp-json\/wp\/v2\/categories?post=32813"},{"taxonomy":"post_tag","embeddable":true,"href":"https:\/\/www.pcnen.com\/portal\/wp-json\/wp\/v2\/tags?post=32813"}],"curies":[{"name":"wp","href":"https:\/\/api.w.org\/{rel}","templated":true}]}}