{"id":32801,"date":"2009-11-19T18:58:09","date_gmt":"2009-11-19T18:58:09","guid":{"rendered":"http:\/\/www.pcnen.com\/portal\/?p=32801"},"modified":"2009-11-19T18:58:09","modified_gmt":"2009-11-19T18:58:09","slug":"tri-bjelopoljca-poginula-kod-bubanj-potoka-video","status":"publish","type":"post","link":"https:\/\/www.pcnen.com\/portal\/2009\/11\/19\/tri-bjelopoljca-poginula-kod-bubanj-potoka-video\/","title":{"rendered":"Tri Bjelopoljca poginula kod Bubanj Potoka (video)"},"content":{"rendered":"<p>Iz Ministarstva unutra&scaron;njih poslova Srbije je saop&scaron;teno da se nesre\u0107a dogodila kada je automobil <em>mercedes<\/em> podgori\u010dkih tablica udario u cisternu na autoputu.<\/p>\n<p>Po&scaron;to je udario u cisternu, automobil se odbio i udario u za&scaron;titnu ogradu, nakon \u010dega se, zapalio. <\/p>\n<p>Prema izvje&scaron;taju koji je objavila televizija <em>Vijesti<\/em>, automobil se kretao iz Ni&scaron;a prema Beogradu brzinom 220 kilometara na \u010das.<\/p>\n<p>Lokalna vlast u Bijelom Polju je subotu, kada \u0107e biti sahranjeni nastradali mladi\u0107i, proglasila danom \u017ealosti, javlja televizija <em>Vijesti<\/em>.<\/p>\n<p><a href=\"http:\/\/www.rts.rs\/page\/stories\/sr\/story\/135\/Hronika\/307971\/Te%C5%A1ka+saobra%C4%87ajna+nesre%C4%87a+kod+Bubanj+Potoka.html\">RTS video<\/a><\/p>\n","protected":false},"excerpt":{"rendered":"<p>Darko Kora\u0107 (26), Dalibor Bulatovi\u0107 (29) i Radava Bo&scaron;kovi\u0107 (30), svi iz Bijelog Polja, poginula danas u saobra\u0107ajnoj nesre\u0107i na putu Beograd &#8211; Ni&scaron; kod Bubanj Potoka.<\/p>\n","protected":false},"author":1,"featured_media":0,"comment_status":"open","ping_status":"closed","sticky":false,"template":"","format":"standard","meta":{"_seopress_robots_primary_cat":"","_seopress_titles_title":"","_seopress_titles_desc":"","_seopress_robots_index":"","_et_pb_use_builder":"","_et_pb_old_content":"","_et_gb_content_width":"","inline_featured_image":false,"footnotes":""},"categories":[14],"tags":[],"class_list":["post-32801","post","type-post","status-publish","format-standard","hentry","category-vijesti"],"_links":{"self":[{"href":"https:\/\/www.pcnen.com\/portal\/wp-json\/wp\/v2\/posts\/32801","targetHints":{"allow":["GET"]}}],"collection":[{"href":"https:\/\/www.pcnen.com\/portal\/wp-json\/wp\/v2\/posts"}],"about":[{"href":"https:\/\/www.pcnen.com\/portal\/wp-json\/wp\/v2\/types\/post"}],"author":[{"embeddable":true,"href":"https:\/\/www.pcnen.com\/portal\/wp-json\/wp\/v2\/users\/1"}],"replies":[{"embeddable":true,"href":"https:\/\/www.pcnen.com\/portal\/wp-json\/wp\/v2\/comments?post=32801"}],"version-history":[{"count":0,"href":"https:\/\/www.pcnen.com\/portal\/wp-json\/wp\/v2\/posts\/32801\/revisions"}],"wp:attachment":[{"href":"https:\/\/www.pcnen.com\/portal\/wp-json\/wp\/v2\/media?parent=32801"}],"wp:term":[{"taxonomy":"category","embeddable":true,"href":"https:\/\/www.pcnen.com\/portal\/wp-json\/wp\/v2\/categories?post=32801"},{"taxonomy":"post_tag","embeddable":true,"href":"https:\/\/www.pcnen.com\/portal\/wp-json\/wp\/v2\/tags?post=32801"}],"curies":[{"name":"wp","href":"https:\/\/api.w.org\/{rel}","templated":true}]}}