{"id":32800,"date":"2009-11-19T16:57:09","date_gmt":"2009-11-19T16:57:09","guid":{"rendered":"http:\/\/www.pcnen.com\/portal\/?p=32800"},"modified":"2009-11-19T16:57:09","modified_gmt":"2009-11-19T16:57:09","slug":"jeremic-naljutio-makedonskog-predsjednika","status":"publish","type":"post","link":"https:\/\/www.pcnen.com\/portal\/2009\/11\/19\/jeremic-naljutio-makedonskog-predsjednika\/","title":{"rendered":"Jeremi\u0107 naljutio makedonskog predsjednika"},"content":{"rendered":"<p>Predsjednik Makedonije prisustvovao je sahrani patrijarha Pavla, ali \u0107e zbog jedne izjave ignorisati poziv &scaron;efa srpske diplomatije na prijem za diplomate, prenijela je agencija <em>Tanjug<\/em>. <\/p>\n<p>Kako je javila makedonska agencija <em>MIA<\/em>, kabinet makedonskog predsjednika \u0110or\u0111a Ivanova ocijenio je kao &quot;nesre\u0107nu&quot; izjavu Vuka Jeremi\u0107a da zvani\u010dni Beograd podr\u017eava Gr\u010dku u vezi sa sporom oko imena Makedonije.<\/p>\n<p>Ivanov je u znak protesta otkazao u\u010de&scaron;\u0107e na prijemu koji je Jeremi\u0107 organizovao za diplomate koje su do&scaron;le u Beograd da prisustvuju sahrani patrijarha Pavla.<\/p>\n<p>Agencija MIA dodaje da je Ivanov prisustvovao sahrani patrijarha Pavla na poziv predsjednika Srbije Borisa Tadi\u0107a, te da \u0107e uprkos otkazivanju u\u010de&scaron;\u0107a na prijemu koji je organizovao ministar Jeremi\u0107, Ivanov kasnije danas imati susret sa Tadi\u0107em.<\/p>\n<p>Ivanov se sreo sa predsjednikom Crne Gore Filipom Vujanovi\u0107em, koji je tako\u0111e prisustvovao sahrani patrijarha Pavla, sa kojim je razgovarao o procesu integracija u EU, dodaje makedonska agencija.<\/p>\n","protected":false},"excerpt":{"rendered":"<p>Predsjednik Makedonije prisustvovao je sahrani patrijarha Pavla, ali \u0107e zbog jedne izjave ignorisati poziv &scaron;efa srpske diplomatije na prijem za diplomate, prenijela je agencija Tanjug. Kako je javila makedonska agencija MIA, kabinet makedonskog predsjednika \u0110or\u0111a Ivanova ocijenio je kao &quot;nesre\u0107nu&quot; izjavu Vuka Jeremi\u0107a da zvani\u010dni Beograd podr\u017eava Gr\u010dku u vezi sa sporom oko imena Makedonije. [&hellip;]<\/p>\n","protected":false},"author":1,"featured_media":0,"comment_status":"open","ping_status":"closed","sticky":false,"template":"","format":"standard","meta":{"_seopress_robots_primary_cat":"","_seopress_titles_title":"","_seopress_titles_desc":"","_seopress_robots_index":"","_et_pb_use_builder":"","_et_pb_old_content":"","_et_gb_content_width":"","inline_featured_image":false,"footnotes":""},"categories":[14],"tags":[],"class_list":["post-32800","post","type-post","status-publish","format-standard","hentry","category-vijesti"],"_links":{"self":[{"href":"https:\/\/www.pcnen.com\/portal\/wp-json\/wp\/v2\/posts\/32800","targetHints":{"allow":["GET"]}}],"collection":[{"href":"https:\/\/www.pcnen.com\/portal\/wp-json\/wp\/v2\/posts"}],"about":[{"href":"https:\/\/www.pcnen.com\/portal\/wp-json\/wp\/v2\/types\/post"}],"author":[{"embeddable":true,"href":"https:\/\/www.pcnen.com\/portal\/wp-json\/wp\/v2\/users\/1"}],"replies":[{"embeddable":true,"href":"https:\/\/www.pcnen.com\/portal\/wp-json\/wp\/v2\/comments?post=32800"}],"version-history":[{"count":0,"href":"https:\/\/www.pcnen.com\/portal\/wp-json\/wp\/v2\/posts\/32800\/revisions"}],"wp:attachment":[{"href":"https:\/\/www.pcnen.com\/portal\/wp-json\/wp\/v2\/media?parent=32800"}],"wp:term":[{"taxonomy":"category","embeddable":true,"href":"https:\/\/www.pcnen.com\/portal\/wp-json\/wp\/v2\/categories?post=32800"},{"taxonomy":"post_tag","embeddable":true,"href":"https:\/\/www.pcnen.com\/portal\/wp-json\/wp\/v2\/tags?post=32800"}],"curies":[{"name":"wp","href":"https:\/\/api.w.org\/{rel}","templated":true}]}}