{"id":32797,"date":"2009-11-19T15:40:43","date_gmt":"2009-11-19T15:40:43","guid":{"rendered":"http:\/\/www.pcnen.com\/portal\/?p=32797"},"modified":"2009-11-19T15:40:43","modified_gmt":"2009-11-19T15:40:43","slug":"veljovic-slucaj-slobodana-pejovica-preuvelican","status":"publish","type":"post","link":"https:\/\/www.pcnen.com\/portal\/2009\/11\/19\/veljovic-slucaj-slobodana-pejovica-preuvelican\/","title":{"rendered":"Veljovi\u0107: Slu\u010daj Slobodana Pejovi\u0107a preuveli\u010dan"},"content":{"rendered":"<p>&quot;To su sve djela koja se gone po privatnoj slu\u017ebi, ali iz osje\u0107aja senzibilnosti, odgovornosti i profesionalnosti, mi smo preduzimali mjere i radnje, iako nije bilo osnova na&scaron;eg profesionalnog postupanja&quot;, rekao je Veljovi\u0107 u Tuzima, odgovaraju\u0107i na pitanje novinara &scaron;ta je policija u\u010dinila povodom u\u010destalih napada na Slobodana Pejovi\u0107a, svjedoka deportacije muslimana iz Crne Gore 1992. godine.<\/p>\n<p>Kako je prenio <em>Radio Antena M<\/em>, on je rekao da je &quot;cijela stvar preuveli\u010dana&quot;, kao i da je Pejovi\u0107 iznosio i neke neistine.<\/p>\n<p>&quot;\u017dao mi je &scaron;to je gospodin Pejovi\u0107 iskoristio te aktivnosti da saop&scaron;ti neke neistine koje se ti\u010du Uprave policije i Agencije za nacionalnu bezbijednost. To je stvar njegove percepcije, ali vrlo jasno \u017eelim da saop&scaron;tim da UP nema nikakve veze sa konstatacijama i stavovima koje je on apostrofirao u nekim njegovim nastupima&quot;, rekao je Veljovi\u0107.<\/p>\n","protected":false},"excerpt":{"rendered":"<p>Policija je identifikovala neke od vinovnika napada na novljanina Slobodana Pejovi\u0107a, svjedoka deportacije muslimana 1992. godine, rekao je danas, ne saop&scaron;tavaju\u0107i detalje, prvi crnogorski policajac Veselin Veljovi\u0107.<\/p>\n","protected":false},"author":1,"featured_media":0,"comment_status":"open","ping_status":"closed","sticky":false,"template":"","format":"standard","meta":{"_seopress_robots_primary_cat":"","_seopress_titles_title":"","_seopress_titles_desc":"","_seopress_robots_index":"","_et_pb_use_builder":"","_et_pb_old_content":"","_et_gb_content_width":"","inline_featured_image":false,"footnotes":""},"categories":[14],"tags":[],"class_list":["post-32797","post","type-post","status-publish","format-standard","hentry","category-vijesti"],"_links":{"self":[{"href":"https:\/\/www.pcnen.com\/portal\/wp-json\/wp\/v2\/posts\/32797","targetHints":{"allow":["GET"]}}],"collection":[{"href":"https:\/\/www.pcnen.com\/portal\/wp-json\/wp\/v2\/posts"}],"about":[{"href":"https:\/\/www.pcnen.com\/portal\/wp-json\/wp\/v2\/types\/post"}],"author":[{"embeddable":true,"href":"https:\/\/www.pcnen.com\/portal\/wp-json\/wp\/v2\/users\/1"}],"replies":[{"embeddable":true,"href":"https:\/\/www.pcnen.com\/portal\/wp-json\/wp\/v2\/comments?post=32797"}],"version-history":[{"count":0,"href":"https:\/\/www.pcnen.com\/portal\/wp-json\/wp\/v2\/posts\/32797\/revisions"}],"wp:attachment":[{"href":"https:\/\/www.pcnen.com\/portal\/wp-json\/wp\/v2\/media?parent=32797"}],"wp:term":[{"taxonomy":"category","embeddable":true,"href":"https:\/\/www.pcnen.com\/portal\/wp-json\/wp\/v2\/categories?post=32797"},{"taxonomy":"post_tag","embeddable":true,"href":"https:\/\/www.pcnen.com\/portal\/wp-json\/wp\/v2\/tags?post=32797"}],"curies":[{"name":"wp","href":"https:\/\/api.w.org\/{rel}","templated":true}]}}