{"id":32796,"date":"2009-11-19T14:53:26","date_gmt":"2009-11-19T14:53:26","guid":{"rendered":"http:\/\/www.pcnen.com\/portal\/?p=32796"},"modified":"2009-11-19T14:53:26","modified_gmt":"2009-11-19T14:53:26","slug":"okruzni-sud-o-vanrednom-ublazavanju-kazne-lausevicu","status":"publish","type":"post","link":"https:\/\/www.pcnen.com\/portal\/2009\/11\/19\/okruzni-sud-o-vanrednom-ublazavanju-kazne-lausevicu\/","title":{"rendered":"Okru\u017eni sud o vanrednom ubla\u017eavanju kazne Lau\u0161evi\u0107u"},"content":{"rendered":"<p>Vrhovni sud Srbije odlu\u010dio je da Okru\u017eni sud u Beogradu, kao stvarno i mjesno nadle\u017ean, postupa po zahtjevu za vanredno ubla\u017eavanje kazne koji je podnio branilac glumca \u017darka Lau&scaron;evi\u0107eva, osu\u0111enog na 13 godina zatvora pred crnogorskim pravosu\u0111em, saop&scaron;tio je danas taj sud.<\/p>\n<p>VSS jo&scaron; nije odlu\u010dio o zahtjevu za za&scaron;titu zakonitosti koji je protiv pravnosna\u017ene presude Vrhovnog suda Crne Gore podnio Republi\u010dki javni tu\u017eilac u predmetu osu\u0111enog Lau&scaron;evi\u0107a, i nagla&scaron;ava da se predmet nalazi u vije\u0107u tog suda, kod sudije izvjestioca.<\/p>\n<p>Sud je demantovao pisanje nekih listova navode\u0107i da nije ta\u010dno da je VSS, razmatraju\u0107i zahtjev tu\u017eioca Slobodana Radovanovi\u0107a za za&scaron;titu zakonitosti &quot;prije vi&scaron;e od mjesec dana odlu\u010dio da se predmet ustupi Okru\u017enom sudu u Beogradu&quot;, kao ni navod u tekstu da je &quot;predsjednica VSS povukla tu odluku jer bi o ubla\u017eenju kazne trebalo da odlu\u010duje sud u Crnoj Gori koji je donio presudu&quot;, prenosi <em>Tanjug<\/em>. <\/p>\n<p>Povodom navoda u tekstu da su informacije potekle od &quot;izvora u VSS&quot;, u saop&scaron;tenju se isti\u010de da &quot;izvori u VSS&quot; ne postoje, ve\u0107 da postoje samo zvani\u010dna saop&scaron;tenja, kao i da izvor mo\u017ee biti samo sudija izvjestilac, predsjednik vije\u0107a koje donosi odluku u konkretnom predmetu, kao i portparol tog suda. <\/p>\n","protected":false},"excerpt":{"rendered":"<p>Vrhovni sud Srbije odlu\u010dio je da Okru\u017eni sud u Beogradu, kao stvarno i mjesno nadle\u017ean, postupa po zahtjevu za vanredno ubla\u017eavanje kazne koji je podnio branilac glumca \u017darka Lau&scaron;evi\u0107eva, osu\u0111enog na 13 godina zatvora pred crnogorskim pravosu\u0111em, saop&scaron;tio je danas taj sud. VSS jo&scaron; nije odlu\u010dio o zahtjevu za za&scaron;titu zakonitosti koji je protiv pravnosna\u017ene [&hellip;]<\/p>\n","protected":false},"author":1,"featured_media":0,"comment_status":"open","ping_status":"closed","sticky":false,"template":"","format":"standard","meta":{"_seopress_robots_primary_cat":"","_seopress_titles_title":"","_seopress_titles_desc":"","_seopress_robots_index":"","_et_pb_use_builder":"","_et_pb_old_content":"","_et_gb_content_width":"","inline_featured_image":false,"footnotes":""},"categories":[14],"tags":[],"class_list":["post-32796","post","type-post","status-publish","format-standard","hentry","category-vijesti"],"_links":{"self":[{"href":"https:\/\/www.pcnen.com\/portal\/wp-json\/wp\/v2\/posts\/32796","targetHints":{"allow":["GET"]}}],"collection":[{"href":"https:\/\/www.pcnen.com\/portal\/wp-json\/wp\/v2\/posts"}],"about":[{"href":"https:\/\/www.pcnen.com\/portal\/wp-json\/wp\/v2\/types\/post"}],"author":[{"embeddable":true,"href":"https:\/\/www.pcnen.com\/portal\/wp-json\/wp\/v2\/users\/1"}],"replies":[{"embeddable":true,"href":"https:\/\/www.pcnen.com\/portal\/wp-json\/wp\/v2\/comments?post=32796"}],"version-history":[{"count":0,"href":"https:\/\/www.pcnen.com\/portal\/wp-json\/wp\/v2\/posts\/32796\/revisions"}],"wp:attachment":[{"href":"https:\/\/www.pcnen.com\/portal\/wp-json\/wp\/v2\/media?parent=32796"}],"wp:term":[{"taxonomy":"category","embeddable":true,"href":"https:\/\/www.pcnen.com\/portal\/wp-json\/wp\/v2\/categories?post=32796"},{"taxonomy":"post_tag","embeddable":true,"href":"https:\/\/www.pcnen.com\/portal\/wp-json\/wp\/v2\/tags?post=32796"}],"curies":[{"name":"wp","href":"https:\/\/api.w.org\/{rel}","templated":true}]}}