{"id":32795,"date":"2009-11-19T14:34:43","date_gmt":"2009-11-19T14:34:43","guid":{"rendered":"http:\/\/www.pcnen.com\/portal\/?p=32795"},"modified":"2009-11-19T14:34:43","modified_gmt":"2009-11-19T14:34:43","slug":"sahranjen-patrijarh-pavle","status":"publish","type":"post","link":"https:\/\/www.pcnen.com\/portal\/2009\/11\/19\/sahranjen-patrijarh-pavle\/","title":{"rendered":"Sahranjen patrijarh Pavle"},"content":{"rendered":"<p>Pomen na grobu slu\u017eili su vaseljenski patrijarh Vartolomej i mitropolit crnogorsko -primorski Amfilohije sa arhijerejima i svje&scaron;tenstvom, a pro\u010ditana je poruka patrijarha Moskovskog i sverusije Kirila, prenijeli su beogradski mediji.<\/p>\n<p>Poslednji \u010din sahrane patrijarha Pavla i spu&scaron;tanje u grob u manastiru Rakovica je obavljen skromno u prisustvu malog broja ljudi i bez prisustva medija, rekao je episkop zahumsko-hercegova\u010dki Grigorije.<\/p>\n<p>Prema rije\u010dima episkopa Grigorija koje je prenijela <em>RTS<\/em>, ova odluka Odbora za sahranu donijeta je u skladu sa \u017eeljom bla\u017eenopo\u010div&scaron;eg patrijarha, a i zbog ograni\u010denog prostora u porti manastira Svetih Arhangela u Rakovici.<\/p>\n","protected":false},"excerpt":{"rendered":"<p>Poglavar Srpske pravoslavne crkve patrijarh Pavle sahranjen je danas u manastiru Svetih Arhangela u Rakovici.<\/p>\n","protected":false},"author":1,"featured_media":0,"comment_status":"open","ping_status":"closed","sticky":false,"template":"","format":"standard","meta":{"_seopress_robots_primary_cat":"","_seopress_titles_title":"","_seopress_titles_desc":"","_seopress_robots_index":"","_et_pb_use_builder":"","_et_pb_old_content":"","_et_gb_content_width":"","inline_featured_image":false,"footnotes":""},"categories":[14],"tags":[],"class_list":["post-32795","post","type-post","status-publish","format-standard","hentry","category-vijesti"],"_links":{"self":[{"href":"https:\/\/www.pcnen.com\/portal\/wp-json\/wp\/v2\/posts\/32795","targetHints":{"allow":["GET"]}}],"collection":[{"href":"https:\/\/www.pcnen.com\/portal\/wp-json\/wp\/v2\/posts"}],"about":[{"href":"https:\/\/www.pcnen.com\/portal\/wp-json\/wp\/v2\/types\/post"}],"author":[{"embeddable":true,"href":"https:\/\/www.pcnen.com\/portal\/wp-json\/wp\/v2\/users\/1"}],"replies":[{"embeddable":true,"href":"https:\/\/www.pcnen.com\/portal\/wp-json\/wp\/v2\/comments?post=32795"}],"version-history":[{"count":0,"href":"https:\/\/www.pcnen.com\/portal\/wp-json\/wp\/v2\/posts\/32795\/revisions"}],"wp:attachment":[{"href":"https:\/\/www.pcnen.com\/portal\/wp-json\/wp\/v2\/media?parent=32795"}],"wp:term":[{"taxonomy":"category","embeddable":true,"href":"https:\/\/www.pcnen.com\/portal\/wp-json\/wp\/v2\/categories?post=32795"},{"taxonomy":"post_tag","embeddable":true,"href":"https:\/\/www.pcnen.com\/portal\/wp-json\/wp\/v2\/tags?post=32795"}],"curies":[{"name":"wp","href":"https:\/\/api.w.org\/{rel}","templated":true}]}}