{"id":32791,"date":"2009-11-19T13:42:39","date_gmt":"2009-11-19T13:42:39","guid":{"rendered":"http:\/\/www.pcnen.com\/portal\/?p=32791"},"modified":"2009-11-19T13:42:39","modified_gmt":"2009-11-19T13:42:39","slug":"vukecevic-mladic-je-mozda-u-srbiji","status":"publish","type":"post","link":"https:\/\/www.pcnen.com\/portal\/2009\/11\/19\/vukecevic-mladic-je-mozda-u-srbiji\/","title":{"rendered":"Vuke\u010devi\u0107: Mladi\u0107 je mo\u017eda u Srbiji"},"content":{"rendered":"<p>To &scaron;to glavni ha&scaron;ki tu\u017eilac Ser\u017e Bramerc u svom izvje&scaron;taju Savjetu bezbijednosti ne navodi da se Ratko Mladi\u0107 krije u Srbiji, ne zna\u010di da je ovaj ha&scaron;ki bjegunac izvan zemlje, izjavio tu\u017eilac za ratne zlo\u010dine i koordinator tima za sprovo\u0111enje Akcionog plana Vladimir Vuk\u010devi\u0107 u<a href=\"http:\/\/www.slobodnaevropa.org\/content\/article\/1882123.html\"> intervjuu za <em>RSE<\/em>.<\/a> <\/p>\n","protected":false},"excerpt":{"rendered":"<p>To &scaron;to glavni ha&scaron;ki tu\u017eilac Ser\u017e Bramerc u svom izvje&scaron;taju Savjetu bezbijednosti ne navodi da se Ratko Mladi\u0107 krije u Srbiji, ne zna\u010di da je ovaj ha&scaron;ki bjegunac izvan zemlje, izjavio tu\u017eilac za ratne zlo\u010dine i koordinator tima za sprovo\u0111enje Akcionog plana Vladimir Vuk\u010devi\u0107 u intervjuu za RSE.<\/p>\n","protected":false},"author":1,"featured_media":0,"comment_status":"open","ping_status":"closed","sticky":false,"template":"","format":"standard","meta":{"_seopress_robots_primary_cat":"","_seopress_titles_title":"","_seopress_titles_desc":"","_seopress_robots_index":"","_et_pb_use_builder":"","_et_pb_old_content":"","_et_gb_content_width":"","inline_featured_image":false,"footnotes":""},"categories":[14],"tags":[],"class_list":["post-32791","post","type-post","status-publish","format-standard","hentry","category-vijesti"],"_links":{"self":[{"href":"https:\/\/www.pcnen.com\/portal\/wp-json\/wp\/v2\/posts\/32791","targetHints":{"allow":["GET"]}}],"collection":[{"href":"https:\/\/www.pcnen.com\/portal\/wp-json\/wp\/v2\/posts"}],"about":[{"href":"https:\/\/www.pcnen.com\/portal\/wp-json\/wp\/v2\/types\/post"}],"author":[{"embeddable":true,"href":"https:\/\/www.pcnen.com\/portal\/wp-json\/wp\/v2\/users\/1"}],"replies":[{"embeddable":true,"href":"https:\/\/www.pcnen.com\/portal\/wp-json\/wp\/v2\/comments?post=32791"}],"version-history":[{"count":0,"href":"https:\/\/www.pcnen.com\/portal\/wp-json\/wp\/v2\/posts\/32791\/revisions"}],"wp:attachment":[{"href":"https:\/\/www.pcnen.com\/portal\/wp-json\/wp\/v2\/media?parent=32791"}],"wp:term":[{"taxonomy":"category","embeddable":true,"href":"https:\/\/www.pcnen.com\/portal\/wp-json\/wp\/v2\/categories?post=32791"},{"taxonomy":"post_tag","embeddable":true,"href":"https:\/\/www.pcnen.com\/portal\/wp-json\/wp\/v2\/tags?post=32791"}],"curies":[{"name":"wp","href":"https:\/\/api.w.org\/{rel}","templated":true}]}}