{"id":32788,"date":"2009-11-19T11:58:21","date_gmt":"2009-11-19T11:58:21","guid":{"rendered":"http:\/\/www.pcnen.com\/portal\/?p=32788"},"modified":"2009-11-19T11:58:21","modified_gmt":"2009-11-19T11:58:21","slug":"vanredni-samit-eu","status":"publish","type":"post","link":"https:\/\/www.pcnen.com\/portal\/2009\/11\/19\/vanredni-samit-eu\/","title":{"rendered":"Vanredni samit EU"},"content":{"rendered":"<p>U Briselu po\u010dinje vanredni samit Evropske unije na kojem bi trebalo da se odlu\u010duje o izboru predsjednika i &scaron;efa diplomatije Unije, novim funkcijama predvi\u0111enim Lisabonskim ugovorom koji stupa na snagu 1. decembra. <\/p>\n<p>Britanski <em>Tajms<\/em> navodi da bi haoti\u010dan izborni proces mogao da se pretvori u pravu farsu. Naime, \u010de&scaron;kom ratifikacijom Lisabonskog ugovora &scaron;estomjese\u010dno rotiraju\u0107e predsjedni&scaron;tvo zamijenjeno je novom funcijom-predsjednikom Unije.<\/p>\n<p>Britanski list predvi\u0111a da bi tro\u010dasovna ve\u010dera evropskih lidera, na kojoj bi trebalo da se donesu va\u017ene odluke o novim funkcijama, mogla da potraje \u010dak do vikenda, jer jo&scaron; nema nagovje&scaron;taja o konsenzusu.<\/p>\n<p>Za predsjednika Unije za sada najve\u0107u naklonjenost evropskih lidera ima belgijski premijer flamanske Hri&scaron;\u0107ansko-demokratske partije Herman van Rompuj koji se na \u010delu koalicione vlade nalazi ne&scaron;to manje od godinu dana.<\/p>\n<p>Njegov najve\u0107i protivkandidat je biv&scaron;i britanski premijer Toni Bler iza koga stoji premijer, ne tako popularne vlade, Gordon Braun.<\/p>\n<p>Kao kandidati za predsjednika evropskog bloka pominje se i biv&scaron;i premijer Irske D\u017eon Bruton, zatim jedan od tvoraca ugovora iz Mastrihta, umjereni desni\u010dar i premijer Luksemburga \u017dan Klod Junker i biv&scaron;i austrijski kandidat Volfgang &Scaron;isel.<\/p>\n","protected":false},"excerpt":{"rendered":"<p>U Briselu po\u010dinje vanredni samit Evropske unije na kojem bi trebalo da se odlu\u010duje o izboru predsjednika i &scaron;efa diplomatije Unije, novim funkcijama predvi\u0111enim Lisabonskim ugovorom koji stupa na snagu 1. decembra. Britanski Tajms navodi da bi haoti\u010dan izborni proces mogao da se pretvori u pravu farsu. Naime, \u010de&scaron;kom ratifikacijom Lisabonskog ugovora &scaron;estomjese\u010dno rotiraju\u0107e predsjedni&scaron;tvo [&hellip;]<\/p>\n","protected":false},"author":1,"featured_media":0,"comment_status":"open","ping_status":"closed","sticky":false,"template":"","format":"standard","meta":{"_seopress_robots_primary_cat":"","_seopress_titles_title":"","_seopress_titles_desc":"","_seopress_robots_index":"","_et_pb_use_builder":"","_et_pb_old_content":"","_et_gb_content_width":"","inline_featured_image":false,"footnotes":""},"categories":[14],"tags":[],"class_list":["post-32788","post","type-post","status-publish","format-standard","hentry","category-vijesti"],"_links":{"self":[{"href":"https:\/\/www.pcnen.com\/portal\/wp-json\/wp\/v2\/posts\/32788","targetHints":{"allow":["GET"]}}],"collection":[{"href":"https:\/\/www.pcnen.com\/portal\/wp-json\/wp\/v2\/posts"}],"about":[{"href":"https:\/\/www.pcnen.com\/portal\/wp-json\/wp\/v2\/types\/post"}],"author":[{"embeddable":true,"href":"https:\/\/www.pcnen.com\/portal\/wp-json\/wp\/v2\/users\/1"}],"replies":[{"embeddable":true,"href":"https:\/\/www.pcnen.com\/portal\/wp-json\/wp\/v2\/comments?post=32788"}],"version-history":[{"count":0,"href":"https:\/\/www.pcnen.com\/portal\/wp-json\/wp\/v2\/posts\/32788\/revisions"}],"wp:attachment":[{"href":"https:\/\/www.pcnen.com\/portal\/wp-json\/wp\/v2\/media?parent=32788"}],"wp:term":[{"taxonomy":"category","embeddable":true,"href":"https:\/\/www.pcnen.com\/portal\/wp-json\/wp\/v2\/categories?post=32788"},{"taxonomy":"post_tag","embeddable":true,"href":"https:\/\/www.pcnen.com\/portal\/wp-json\/wp\/v2\/tags?post=32788"}],"curies":[{"name":"wp","href":"https:\/\/api.w.org\/{rel}","templated":true}]}}