{"id":32787,"date":"2009-11-19T11:39:28","date_gmt":"2009-11-19T11:39:28","guid":{"rendered":"http:\/\/www.pcnen.com\/portal\/?p=32787"},"modified":"2009-11-19T11:39:28","modified_gmt":"2009-11-19T11:39:28","slug":"crna-gora-cuci-u-predvorju-nato","status":"publish","type":"post","link":"https:\/\/www.pcnen.com\/portal\/2009\/11\/19\/crna-gora-cuci-u-predvorju-nato\/","title":{"rendered":"Crna Gora &#8216;\u010du\u010di&#8217; u predvorju NATO"},"content":{"rendered":"<p>Crna Gora \u0107e uskoro dobiti saglasnost za po\u010detak primjene Akcionog plana za \u010dlanstvo (MAP) u NATO, prenijela je agencija <em>Beta<\/em>. <\/p>\n<p>Dana&scaron;nja podgori\u010dka <em>Pobjeda<\/em> prenijela je informacije iz sjedi&scaron;ta NATO u Briselu da su &quot;otklonjene i poslednje prepreke za prijem Crne Gore u Akcioni plan za \u010dlanstvo&quot;. <\/p>\n<p>Odluka o saglasnosti za MAP za Crnu Goru uslijedi\u0107e, kako je re\u010deno, na redovnom sastanku ministara inostranih poslova zemalja \u010dlanica NATO, 3. i 4. decembra. <\/p>\n<p>Saglasnost za MAP predstavlja priznanje statusa zemlje kandidata za punopravno \u010dlanstvo u sjevernoatlantskoj alijansi.<\/p>\n","protected":false},"excerpt":{"rendered":"<p>Crna Gora \u0107e uskoro dobiti saglasnost za po\u010detak primjene Akcionog plana za \u010dlanstvo (MAP) u NATO, prenijela je agencija Beta. Dana&scaron;nja podgori\u010dka Pobjeda prenijela je informacije iz sjedi&scaron;ta NATO u Briselu da su &quot;otklonjene i poslednje prepreke za prijem Crne Gore u Akcioni plan za \u010dlanstvo&quot;. Odluka o saglasnosti za MAP za Crnu Goru uslijedi\u0107e, [&hellip;]<\/p>\n","protected":false},"author":1,"featured_media":0,"comment_status":"open","ping_status":"closed","sticky":false,"template":"","format":"standard","meta":{"_seopress_robots_primary_cat":"","_seopress_titles_title":"","_seopress_titles_desc":"","_seopress_robots_index":"","_et_pb_use_builder":"","_et_pb_old_content":"","_et_gb_content_width":"","inline_featured_image":false,"footnotes":""},"categories":[14],"tags":[],"class_list":["post-32787","post","type-post","status-publish","format-standard","hentry","category-vijesti"],"_links":{"self":[{"href":"https:\/\/www.pcnen.com\/portal\/wp-json\/wp\/v2\/posts\/32787","targetHints":{"allow":["GET"]}}],"collection":[{"href":"https:\/\/www.pcnen.com\/portal\/wp-json\/wp\/v2\/posts"}],"about":[{"href":"https:\/\/www.pcnen.com\/portal\/wp-json\/wp\/v2\/types\/post"}],"author":[{"embeddable":true,"href":"https:\/\/www.pcnen.com\/portal\/wp-json\/wp\/v2\/users\/1"}],"replies":[{"embeddable":true,"href":"https:\/\/www.pcnen.com\/portal\/wp-json\/wp\/v2\/comments?post=32787"}],"version-history":[{"count":0,"href":"https:\/\/www.pcnen.com\/portal\/wp-json\/wp\/v2\/posts\/32787\/revisions"}],"wp:attachment":[{"href":"https:\/\/www.pcnen.com\/portal\/wp-json\/wp\/v2\/media?parent=32787"}],"wp:term":[{"taxonomy":"category","embeddable":true,"href":"https:\/\/www.pcnen.com\/portal\/wp-json\/wp\/v2\/categories?post=32787"},{"taxonomy":"post_tag","embeddable":true,"href":"https:\/\/www.pcnen.com\/portal\/wp-json\/wp\/v2\/tags?post=32787"}],"curies":[{"name":"wp","href":"https:\/\/api.w.org\/{rel}","templated":true}]}}