{"id":32786,"date":"2009-11-19T11:36:51","date_gmt":"2009-11-19T11:36:51","guid":{"rendered":"http:\/\/www.pcnen.com\/portal\/?p=32786"},"modified":"2009-11-19T11:36:51","modified_gmt":"2009-11-19T11:36:51","slug":"regionalni-ekonomski-forum-u-sara%d1%98evu","status":"publish","type":"post","link":"https:\/\/www.pcnen.com\/portal\/2009\/11\/19\/regionalni-ekonomski-forum-u-sara%d1%98evu\/","title":{"rendered":"Regionalni ekonomski forum u Sara\u0458evu"},"content":{"rendered":"<p>U Sarajevu danas po\u010dinje dvodnevni Regionalni ekonomski forum za jugoisto\u010dnu Evropu, koji \u0107e okupiti predsjednike dr\u017eava biv&scaron;e \u0408ugoslavije, Bugarske, Rumunije i Albanije.<\/p>\n<p>Tema ovogodi&scaron;njeg &Scaron;estog regionalnog ekonomskog foruma za jugoisto\u010dnu Evropu, \u010diji je pokrovitelj Predsjedni&scaron;tvo BiH, je &quot;Konkurenti i partneri na putu u EU, u uslovima svjetske ekonomske krize&quot;.<\/p>\n<p>Kako je javila agencija <em>Srna<\/em>, u\u010de&scaron;\u0107e na Forumu su potvrdili predsjednik Crne Gore Filip Vujanovi\u0107, Hrvatske Stjepan Mesi\u0107, Slovenije Danilo Tirk, Bugarske Georgi Parvanov, Albanije Bamir Topi, a iz kabineta predsjednika Srbije Borisa Tadi\u0107a nisu mogli re\u0107i da li \u0107e Tadi\u0107 prisustvovati forumu.<\/p>\n<p>Regionalni ekonomski forum za jugoisto\u010dnu Evropu je nevladina inicijativa koji jednom godi&scaron;nje okuplja zvani\u010dnike vlada i direktore najperspektivnijih kompanija.<\/p>\n<p>Pro&scaron;logodi&scaron;nji Regionalni ekonomski forum za jugoisto\u010dnu Evropu odr\u017ean je u Ohridu u Makedoniji.<\/p>\n","protected":false},"excerpt":{"rendered":"<p>U Sarajevu danas po\u010dinje dvodnevni Regionalni ekonomski forum za jugoisto\u010dnu Evropu, koji \u0107e okupiti predsjednike dr\u017eava biv&scaron;e \u0408ugoslavije, Bugarske, Rumunije i Albanije. Tema ovogodi&scaron;njeg &Scaron;estog regionalnog ekonomskog foruma za jugoisto\u010dnu Evropu, \u010diji je pokrovitelj Predsjedni&scaron;tvo BiH, je &quot;Konkurenti i partneri na putu u EU, u uslovima svjetske ekonomske krize&quot;. Kako je javila agencija Srna, u\u010de&scaron;\u0107e [&hellip;]<\/p>\n","protected":false},"author":1,"featured_media":0,"comment_status":"open","ping_status":"closed","sticky":false,"template":"","format":"standard","meta":{"_seopress_robots_primary_cat":"","_seopress_titles_title":"","_seopress_titles_desc":"","_seopress_robots_index":"","_et_pb_use_builder":"","_et_pb_old_content":"","_et_gb_content_width":"","inline_featured_image":false,"footnotes":""},"categories":[14],"tags":[],"class_list":["post-32786","post","type-post","status-publish","format-standard","hentry","category-vijesti"],"_links":{"self":[{"href":"https:\/\/www.pcnen.com\/portal\/wp-json\/wp\/v2\/posts\/32786","targetHints":{"allow":["GET"]}}],"collection":[{"href":"https:\/\/www.pcnen.com\/portal\/wp-json\/wp\/v2\/posts"}],"about":[{"href":"https:\/\/www.pcnen.com\/portal\/wp-json\/wp\/v2\/types\/post"}],"author":[{"embeddable":true,"href":"https:\/\/www.pcnen.com\/portal\/wp-json\/wp\/v2\/users\/1"}],"replies":[{"embeddable":true,"href":"https:\/\/www.pcnen.com\/portal\/wp-json\/wp\/v2\/comments?post=32786"}],"version-history":[{"count":0,"href":"https:\/\/www.pcnen.com\/portal\/wp-json\/wp\/v2\/posts\/32786\/revisions"}],"wp:attachment":[{"href":"https:\/\/www.pcnen.com\/portal\/wp-json\/wp\/v2\/media?parent=32786"}],"wp:term":[{"taxonomy":"category","embeddable":true,"href":"https:\/\/www.pcnen.com\/portal\/wp-json\/wp\/v2\/categories?post=32786"},{"taxonomy":"post_tag","embeddable":true,"href":"https:\/\/www.pcnen.com\/portal\/wp-json\/wp\/v2\/tags?post=32786"}],"curies":[{"name":"wp","href":"https:\/\/api.w.org\/{rel}","templated":true}]}}