{"id":32784,"date":"2009-11-19T09:39:35","date_gmt":"2009-11-19T09:39:35","guid":{"rendered":"http:\/\/www.pcnen.com\/portal\/?p=32784"},"modified":"2009-11-19T09:39:35","modified_gmt":"2009-11-19T09:39:35","slug":"danas-sahrana-partijarha-pavla","status":"publish","type":"post","link":"https:\/\/www.pcnen.com\/portal\/2009\/11\/19\/danas-sahrana-partijarha-pavla\/","title":{"rendered":"Danas sahrana partijarha Pavla"},"content":{"rendered":"<p>Patrijarh SPC Pavle bi\u0107e sahranjen danas u 13 \u010dasova u manastiru Rakovica pored crkve Svetog arhangela Mihaila. <\/p>\n<p>Sahrani \u0107e prisustvovati poglavari Vaseljenske patrijar&scaron;ije, albanske, \u010de&scaron;ke i rumunske pravoslavne crkve, kao i brojne starje&scaron;ine iz drugih pravoslavnih crkava.<\/p>\n","protected":false},"excerpt":{"rendered":"<p>Patrijarh SPC Pavle bi\u0107e sahranjen danas u 13 \u010dasova u manastiru Rakovica pored crkve Svetog arhangela Mihaila. Sahrani \u0107e prisustvovati poglavari Vaseljenske patrijar&scaron;ije, albanske, \u010de&scaron;ke i rumunske pravoslavne crkve, kao i brojne starje&scaron;ine iz drugih pravoslavnih crkava.<\/p>\n","protected":false},"author":1,"featured_media":0,"comment_status":"open","ping_status":"closed","sticky":false,"template":"","format":"standard","meta":{"_seopress_robots_primary_cat":"","_seopress_titles_title":"","_seopress_titles_desc":"","_seopress_robots_index":"","_et_pb_use_builder":"","_et_pb_old_content":"","_et_gb_content_width":"","inline_featured_image":false,"footnotes":""},"categories":[14],"tags":[],"class_list":["post-32784","post","type-post","status-publish","format-standard","hentry","category-vijesti"],"_links":{"self":[{"href":"https:\/\/www.pcnen.com\/portal\/wp-json\/wp\/v2\/posts\/32784","targetHints":{"allow":["GET"]}}],"collection":[{"href":"https:\/\/www.pcnen.com\/portal\/wp-json\/wp\/v2\/posts"}],"about":[{"href":"https:\/\/www.pcnen.com\/portal\/wp-json\/wp\/v2\/types\/post"}],"author":[{"embeddable":true,"href":"https:\/\/www.pcnen.com\/portal\/wp-json\/wp\/v2\/users\/1"}],"replies":[{"embeddable":true,"href":"https:\/\/www.pcnen.com\/portal\/wp-json\/wp\/v2\/comments?post=32784"}],"version-history":[{"count":0,"href":"https:\/\/www.pcnen.com\/portal\/wp-json\/wp\/v2\/posts\/32784\/revisions"}],"wp:attachment":[{"href":"https:\/\/www.pcnen.com\/portal\/wp-json\/wp\/v2\/media?parent=32784"}],"wp:term":[{"taxonomy":"category","embeddable":true,"href":"https:\/\/www.pcnen.com\/portal\/wp-json\/wp\/v2\/categories?post=32784"},{"taxonomy":"post_tag","embeddable":true,"href":"https:\/\/www.pcnen.com\/portal\/wp-json\/wp\/v2\/tags?post=32784"}],"curies":[{"name":"wp","href":"https:\/\/api.w.org\/{rel}","templated":true}]}}