{"id":32782,"date":"2009-11-19T08:16:41","date_gmt":"2009-11-19T08:16:41","guid":{"rendered":"http:\/\/www.pcnen.com\/portal\/?p=32782"},"modified":"2009-11-19T08:16:41","modified_gmt":"2009-11-19T08:16:41","slug":"alo-crnogorski-sud-odlucuje-o-sudbini-lausevica","status":"publish","type":"post","link":"https:\/\/www.pcnen.com\/portal\/2009\/11\/19\/alo-crnogorski-sud-odlucuje-o-sudbini-lausevica\/","title":{"rendered":"Alo: Crnogorski sud odlu\u010duje o sudbini Lau\u0161evi\u0107a"},"content":{"rendered":"<p>O sudbini glumca \u017darka Lau&scaron;evi\u0107a i eventualnom smanjenju zatvorske kazne odlu\u010diva\u0107e crnogorski sud koji ga je prije osam godina osudio na 13 godina robije zbog ubistva Dragora Pejovi\u0107a (20) i Radovana Vu\u010dini\u0107a (21), te ranjavanja Andrije Ka\u017ei\u0107a u no\u0107i izme\u0111u 30. i 31. jula 1993. godine, saznaje beogradski tabloid <em>Alo<\/em>.<\/p>\n<p>Prema saznanjima toga lista, Vrhovni sud Srbije je prije vi&scaron;e od mjesec dana povjerio &lsquo;slu\u010daj Lau&scaron;evi\u0107&#8217; beogradskom Okru\u017enom sudu, ali je ta odluka povu\u010dena i predmet bi uskoro trebalo da bude proslije\u0111en Vrhovnom sudu u Crnoj Gori. <\/p>\n","protected":false},"excerpt":{"rendered":"<p>O sudbini glumca \u017darka Lau&scaron;evi\u0107a i eventualnom smanjenju zatvorske kazne odlu\u010diva\u0107e crnogorski sud koji ga je prije osam godina osudio na 13 godina robije zbog ubistva Dragora Pejovi\u0107a (20) i Radovana Vu\u010dini\u0107a (21), te ranjavanja Andrije Ka\u017ei\u0107a u no\u0107i izme\u0111u 30. i 31. jula 1993. godine, saznaje beogradski tabloid Alo. Prema saznanjima toga lista, Vrhovni [&hellip;]<\/p>\n","protected":false},"author":1,"featured_media":0,"comment_status":"open","ping_status":"closed","sticky":false,"template":"","format":"standard","meta":{"_seopress_robots_primary_cat":"","_seopress_titles_title":"","_seopress_titles_desc":"","_seopress_robots_index":"","_et_pb_use_builder":"","_et_pb_old_content":"","_et_gb_content_width":"","inline_featured_image":false,"footnotes":""},"categories":[14],"tags":[],"class_list":["post-32782","post","type-post","status-publish","format-standard","hentry","category-vijesti"],"_links":{"self":[{"href":"https:\/\/www.pcnen.com\/portal\/wp-json\/wp\/v2\/posts\/32782","targetHints":{"allow":["GET"]}}],"collection":[{"href":"https:\/\/www.pcnen.com\/portal\/wp-json\/wp\/v2\/posts"}],"about":[{"href":"https:\/\/www.pcnen.com\/portal\/wp-json\/wp\/v2\/types\/post"}],"author":[{"embeddable":true,"href":"https:\/\/www.pcnen.com\/portal\/wp-json\/wp\/v2\/users\/1"}],"replies":[{"embeddable":true,"href":"https:\/\/www.pcnen.com\/portal\/wp-json\/wp\/v2\/comments?post=32782"}],"version-history":[{"count":0,"href":"https:\/\/www.pcnen.com\/portal\/wp-json\/wp\/v2\/posts\/32782\/revisions"}],"wp:attachment":[{"href":"https:\/\/www.pcnen.com\/portal\/wp-json\/wp\/v2\/media?parent=32782"}],"wp:term":[{"taxonomy":"category","embeddable":true,"href":"https:\/\/www.pcnen.com\/portal\/wp-json\/wp\/v2\/categories?post=32782"},{"taxonomy":"post_tag","embeddable":true,"href":"https:\/\/www.pcnen.com\/portal\/wp-json\/wp\/v2\/tags?post=32782"}],"curies":[{"name":"wp","href":"https:\/\/api.w.org\/{rel}","templated":true}]}}