{"id":327740,"date":"2021-09-11T10:57:33","date_gmt":"2021-09-11T08:57:33","guid":{"rendered":"https:\/\/www.pcnen.com\/portal\/?p=327740"},"modified":"2021-09-11T10:58:23","modified_gmt":"2021-09-11T08:58:23","slug":"sekulovic-radio-sam-po-zakonu-i-savjesti","status":"publish","type":"post","link":"https:\/\/www.pcnen.com\/portal\/2021\/09\/11\/sekulovic-radio-sam-po-zakonu-i-savjesti\/","title":{"rendered":"Sekulovi\u0107: Radio sam po zakonu i savjesti"},"content":{"rendered":"<p>Posljednji veliki uspjeh Ministarstva unutra\u0161njih poslova (MUP) je akcija policije na Cetinju, gdje smo pokazali jedinstvo i sposobnost za djelovanje u najkomplikovanijim okolnostima s minimalnom \u0161tetom. Uspjeli smo da za\u0161titimo i ustavna prava gra\u0111ana i za\u0161titimo javni red i mir, rekao je ministar Sergej Sekulovi\u0107<a href=\"https:\/\/www.vijesti.me\/vijesti\/politika\/565849\/na-cetinju-je-mogao-izbiti-oruzani-sukob\"> u intervjuu za Vijesti.<\/a><\/p>\n<p>Govore\u0107i o ostavci nakon presa premijera Zaravka Krivokapi\u0107a i odgovornosti nakon de\u0161avanja na Cetinju, Sekulovi\u0107 ka\u017ee da napu\u0161tanje funkcije za njega &#8220;uop\u0161te nije relevantno pitanje&#8221;.<\/p>\n<p>&#8220;Fotelje nijesam \u017eeljan, niti \u0107u se za nju gr\u010devito boriti&#8221;, poru\u010dio je Sekulovi\u0107.<\/p>\n<p>Komentari\u0161u\u0107i informacije DF da ih je premijer obavijestio da je u toku akcije bio dr\u017eavni udar i na Cetinju i u Vladi, Sekulovi\u0107 tvrdi da je sve vrijeme &#8220;postupao u skladu sa zakonom i svojom savje\u0161\u0107u&#8221;.<\/p>\n<p>&#8220;Nemam \u017eelju da se kitim perjem i od sebe pravim heroja, kao neki. Mislim da \u0107e vrijeme pokazati da je moje razmi\u0161ljanje te no\u0107i bilo ispravno. Sre\u0107om, ono do kraja ne\u0107e biti potvr\u0111eno u praksi, jer se nije desilo ne\u0161to \u0161to su mnogi \u017eeljeli da se desi&#8221;, rekao je Sekulovi\u0107.<\/p>\n<p>On je potvrdio da je na Cetinju moglo da do\u0111e do upotrebe vatrenog oru\u017eja s mogu\u0107im prelivanjem nemira na ostatak Crne Gore, te da su takve bile procjene i Uprave policije i ABN-a.<\/p>\n<p>Kad je u pitanju a<a href=\"https:\/\/www.pcnen.com\/portal\/2021\/09\/09\/ko-je-pucao-na-belvederu-5-septembra-audio\/\">udio-snimak na kom se \u010duju rafali,<\/a> Sekulovi\u0107 je rekao nesporno tvrdi da su \u010daure prona\u0111ene.<\/p>\n<p>&#8220;Tu bih se zaustavio, jer bi sve mimo toga \u0161to bih kazao bilo neozbiljno, a mogu\u0107e i nezakonito s obzirom na to da su u toku istra\u017ene radnje. Pustimo nadle\u017ene da odrade svoj dio posla&#8221;, rekao je ministar.<\/p>\n<p>Kazao je i da j odre\u0111eni broj ljudi bio snabdjeven gas maskama \u0161to ukazuje &#8220;na ozbiljnost namjere da do\u0111e do odre\u0111enog sukoba s policijom&#8221;.<\/p>\n<blockquote class=\"wp-embedded-content\" data-secret=\"9jwJUMQil9\"><p><a href=\"https:\/\/www.pcnen.com\/portal\/2021\/09\/07\/vijesti-diplomate-ubjedivale-krivokapica-da-ne-smjenjuje-sekulovica-i-brdanina\/\">Vijesti: Diplomate ubje\u0111ivale Krivokapi\u0107a da ne smjenjuje Sekulovi\u0107a i Br\u0111anina<\/a><\/p><\/blockquote>\n<p><iframe loading=\"lazy\" class=\"wp-embedded-content\" sandbox=\"allow-scripts\" security=\"restricted\" style=\"position: absolute; clip: rect(1px, 1px, 1px, 1px);\" title=\"&#8220;Vijesti: Diplomate ubje\u0111ivale Krivokapi\u0107a da ne smjenjuje Sekulovi\u0107a i Br\u0111anina&#8221; &#8212; PCNEN\" src=\"https:\/\/www.pcnen.com\/portal\/2021\/09\/07\/vijesti-diplomate-ubjedivale-krivokapica-da-ne-smjenjuje-sekulovica-i-brdanina\/embed\/#?secret=K2EyddsuYW#?secret=9jwJUMQil9\" data-secret=\"9jwJUMQil9\" width=\"600\" height=\"338\" frameborder=\"0\" marginwidth=\"0\" marginheight=\"0\" scrolling=\"no\"><\/iframe><\/p>\n","protected":false},"excerpt":{"rendered":"<p>Fotelje nijesam \u017eeljan, niti \u0107u se za nju gr\u010devito boriti<\/p>\n","protected":false},"author":1,"featured_media":310766,"comment_status":"open","ping_status":"closed","sticky":false,"template":"","format":"standard","meta":{"_seopress_robots_primary_cat":"","_seopress_titles_title":"","_seopress_titles_desc":"","_seopress_robots_index":"","_et_pb_use_builder":"","_et_pb_old_content":"","_et_gb_content_width":"","inline_featured_image":false,"footnotes":""},"categories":[14],"tags":[],"class_list":["post-327740","post","type-post","status-publish","format-standard","has-post-thumbnail","hentry","category-vijesti"],"_links":{"self":[{"href":"https:\/\/www.pcnen.com\/portal\/wp-json\/wp\/v2\/posts\/327740","targetHints":{"allow":["GET"]}}],"collection":[{"href":"https:\/\/www.pcnen.com\/portal\/wp-json\/wp\/v2\/posts"}],"about":[{"href":"https:\/\/www.pcnen.com\/portal\/wp-json\/wp\/v2\/types\/post"}],"author":[{"embeddable":true,"href":"https:\/\/www.pcnen.com\/portal\/wp-json\/wp\/v2\/users\/1"}],"replies":[{"embeddable":true,"href":"https:\/\/www.pcnen.com\/portal\/wp-json\/wp\/v2\/comments?post=327740"}],"version-history":[{"count":2,"href":"https:\/\/www.pcnen.com\/portal\/wp-json\/wp\/v2\/posts\/327740\/revisions"}],"predecessor-version":[{"id":327742,"href":"https:\/\/www.pcnen.com\/portal\/wp-json\/wp\/v2\/posts\/327740\/revisions\/327742"}],"wp:featuredmedia":[{"embeddable":true,"href":"https:\/\/www.pcnen.com\/portal\/wp-json\/wp\/v2\/media\/310766"}],"wp:attachment":[{"href":"https:\/\/www.pcnen.com\/portal\/wp-json\/wp\/v2\/media?parent=327740"}],"wp:term":[{"taxonomy":"category","embeddable":true,"href":"https:\/\/www.pcnen.com\/portal\/wp-json\/wp\/v2\/categories?post=327740"},{"taxonomy":"post_tag","embeddable":true,"href":"https:\/\/www.pcnen.com\/portal\/wp-json\/wp\/v2\/tags?post=327740"}],"curies":[{"name":"wp","href":"https:\/\/api.w.org\/{rel}","templated":true}]}}