{"id":32768,"date":"2009-11-18T14:18:48","date_gmt":"2009-11-18T14:18:48","guid":{"rendered":"http:\/\/www.pcnen.com\/portal\/?p=32768"},"modified":"2009-11-18T14:18:48","modified_gmt":"2009-11-18T14:18:48","slug":"mesic-zlocin-u-vukovaru-je-bio-planiran","status":"publish","type":"post","link":"https:\/\/www.pcnen.com\/portal\/2009\/11\/18\/mesic-zlocin-u-vukovaru-je-bio-planiran\/","title":{"rendered":"Mesi\u0107: Zlo\u010din u Vukovaru je bio planiran"},"content":{"rendered":"<p>Zlo\u010din u Vukovaru 1991. bio je smi&scaron;ljen i planiran, ba&scaron; kao i u Srebernici, izjavio je danas predsjednik Hrvatske Stjepan Mesi\u0107 prilikom obilje\u017eavanja Dana sje\u0107anja na \u017ertvu Vukovara 1991, prenosi <em>Beta<\/em>. <\/p>\n<p>Mesi\u0107 je kazao da mu &quot;nikako nije jasno kako se moglo dogoditi da se ranjeni civili odvode iz bolnice i ubijaju&quot;, dodaju\u0107i da se uvijek mo\u017ee u\u010diniti vi&scaron;e da svaki zlo\u010din bude istra\u017een do kraja.<\/p>\n<p>Dan se\u0107anja na zlo\u010din u Vukovaru ustanovio je Hrvatski sabor u spomen na 18. novembar 1991. kada su, nakon tromjese\u010dne opsade, u taj grad u&scaron;le jedinice biv&scaron;e Jugoslovenske narodne armije (JNA).<\/p>\n<p>Prema podacima vukovarske bolnice, tokom bitke za Vukovar ubijeno je ili poginulo 1.624 branitelja i civila, a ranjeno je 1.219 branitelja i civila.<\/p>\n<p>Tokom 87 dana opsade na grad je padalo 5.000 &#8211; 12.000 granata dnevno.<\/p>\n<p>Oko 200 ranjenika i medicinskog osoblja iz vukovarske bolnice je likvidirano i zakopano u masovnu grobnicu na Ov\u010dari u no\u0107i 20. novembra 1991. <\/p>\n<p>Za zlo\u010dine po\u010dinjene tokom ratnih sukoba u Vukovaru Ha&scaron;ki tribunal optu\u017eio je nekada&scaron;njeg gradona\u010delnika tog grada Slavka Dokmanovi\u0107a, trojicu biv&scaron;ih oficira JNA &#8211; Mileta Mrk&scaron;i\u0107a, Veselina &Scaron;ljivan\u010danina i Miroslava Radi\u0107a i biv&scaron;eg predsjednika vlade te oblasti Gorana Had\u017ei\u0107a.<\/p>\n<p>Dokmanovi\u0107 je u zatvoru izvr&scaron;io samoubistvo, Mrk&scaron;i\u0107 je osu\u0111en na 20 godina zatvora, &Scaron;ljivan\u010danin na 17 godina, a Radi\u0107 je oslobo\u0111en krivice, dok je Goran Had\u017ei\u0107 jo&scaron; u bjekstvu. <\/p>\n","protected":false},"excerpt":{"rendered":"<p>Zlo\u010din u Vukovaru 1991. bio je smi&scaron;ljen i planiran, ba&scaron; kao i u Srebernici, izjavio je danas predsjednik Hrvatske Stjepan Mesi\u0107 prilikom obilje\u017eavanja Dana sje\u0107anja na \u017ertvu Vukovara 1991, prenosi Beta. Mesi\u0107 je kazao da mu &quot;nikako nije jasno kako se moglo dogoditi da se ranjeni civili odvode iz bolnice i ubijaju&quot;, dodaju\u0107i da se [&hellip;]<\/p>\n","protected":false},"author":1,"featured_media":0,"comment_status":"open","ping_status":"closed","sticky":false,"template":"","format":"standard","meta":{"_seopress_robots_primary_cat":"","_seopress_titles_title":"","_seopress_titles_desc":"","_seopress_robots_index":"","_et_pb_use_builder":"","_et_pb_old_content":"","_et_gb_content_width":"","inline_featured_image":false,"footnotes":""},"categories":[14],"tags":[],"class_list":["post-32768","post","type-post","status-publish","format-standard","hentry","category-vijesti"],"_links":{"self":[{"href":"https:\/\/www.pcnen.com\/portal\/wp-json\/wp\/v2\/posts\/32768","targetHints":{"allow":["GET"]}}],"collection":[{"href":"https:\/\/www.pcnen.com\/portal\/wp-json\/wp\/v2\/posts"}],"about":[{"href":"https:\/\/www.pcnen.com\/portal\/wp-json\/wp\/v2\/types\/post"}],"author":[{"embeddable":true,"href":"https:\/\/www.pcnen.com\/portal\/wp-json\/wp\/v2\/users\/1"}],"replies":[{"embeddable":true,"href":"https:\/\/www.pcnen.com\/portal\/wp-json\/wp\/v2\/comments?post=32768"}],"version-history":[{"count":0,"href":"https:\/\/www.pcnen.com\/portal\/wp-json\/wp\/v2\/posts\/32768\/revisions"}],"wp:attachment":[{"href":"https:\/\/www.pcnen.com\/portal\/wp-json\/wp\/v2\/media?parent=32768"}],"wp:term":[{"taxonomy":"category","embeddable":true,"href":"https:\/\/www.pcnen.com\/portal\/wp-json\/wp\/v2\/categories?post=32768"},{"taxonomy":"post_tag","embeddable":true,"href":"https:\/\/www.pcnen.com\/portal\/wp-json\/wp\/v2\/tags?post=32768"}],"curies":[{"name":"wp","href":"https:\/\/api.w.org\/{rel}","templated":true}]}}