{"id":32766,"date":"2009-11-18T13:51:23","date_gmt":"2009-11-18T13:51:23","guid":{"rendered":"http:\/\/www.pcnen.com\/portal\/?p=32766"},"modified":"2009-11-18T13:51:23","modified_gmt":"2009-11-18T13:51:23","slug":"prvi-izvjestaj-bez-ijedne-zamjerke","status":"publish","type":"post","link":"https:\/\/www.pcnen.com\/portal\/2009\/11\/18\/prvi-izvjestaj-bez-ijedne-zamjerke\/","title":{"rendered":"Prvi izvje\u0161taj bez ijedne zamjerke"},"content":{"rendered":"<p>&quot;Rano je davati kona\u010dnu ocenu Bramercovog izve&scaron;taja jer ono &scaron;to smo mi imali prilike da vidimo, to je nacrt koji cirkuli&scaron;e u Njujorku medju \u010dlanicama Saveta bezbednosti UN&quot;, rekao je Ljaji\u0107 agenciji <em>Beta.<\/em><\/p>\n<p>Ono &scaron;to smo do sada vidjeli, kako je rekao, &quot;apsolutno je realno i objektivno i odra\u017eava \u010dinjeni\u010dno stanje kada su u pitanju operativne potrage i kada su u pitanju ostali vidovi saradnje s Ha&scaron;kim tribunalom&quot;.<\/p>\n<p>On je dodao da ima prostora da se Bramercov izvje&scaron;taj eventualno promijeni do 3. decembra, kada \u0107e glavni tu\u017eilac podnijeti kona\u010dnu verziju izvje&scaron;taja Savjetu bezbjednosti UN.<\/p>\n","protected":false},"excerpt":{"rendered":"<p>Verzija izvje&scaron;taja glavnog tu\u017eioca Ha&scaron;kog tribunala Ser\u017ea Bramerca Savjetu bezbjednosti UN u koji je Srbija imala uvid prvi je izvje&scaron;taj o saradnji Beograda sa Ha&scaron;kim tribunalom &quot;bez ijedne zamjerke&quot;, izjavio je danas &scaron;ef Akcionog tima za saradnju sa Tribunalom Rasim Ljaji\u0107.<\/p>\n","protected":false},"author":1,"featured_media":0,"comment_status":"open","ping_status":"closed","sticky":false,"template":"","format":"standard","meta":{"_seopress_robots_primary_cat":"","_seopress_titles_title":"","_seopress_titles_desc":"","_seopress_robots_index":"","_et_pb_use_builder":"","_et_pb_old_content":"","_et_gb_content_width":"","inline_featured_image":false,"footnotes":""},"categories":[14],"tags":[],"class_list":["post-32766","post","type-post","status-publish","format-standard","hentry","category-vijesti"],"_links":{"self":[{"href":"https:\/\/www.pcnen.com\/portal\/wp-json\/wp\/v2\/posts\/32766","targetHints":{"allow":["GET"]}}],"collection":[{"href":"https:\/\/www.pcnen.com\/portal\/wp-json\/wp\/v2\/posts"}],"about":[{"href":"https:\/\/www.pcnen.com\/portal\/wp-json\/wp\/v2\/types\/post"}],"author":[{"embeddable":true,"href":"https:\/\/www.pcnen.com\/portal\/wp-json\/wp\/v2\/users\/1"}],"replies":[{"embeddable":true,"href":"https:\/\/www.pcnen.com\/portal\/wp-json\/wp\/v2\/comments?post=32766"}],"version-history":[{"count":0,"href":"https:\/\/www.pcnen.com\/portal\/wp-json\/wp\/v2\/posts\/32766\/revisions"}],"wp:attachment":[{"href":"https:\/\/www.pcnen.com\/portal\/wp-json\/wp\/v2\/media?parent=32766"}],"wp:term":[{"taxonomy":"category","embeddable":true,"href":"https:\/\/www.pcnen.com\/portal\/wp-json\/wp\/v2\/categories?post=32766"},{"taxonomy":"post_tag","embeddable":true,"href":"https:\/\/www.pcnen.com\/portal\/wp-json\/wp\/v2\/tags?post=32766"}],"curies":[{"name":"wp","href":"https:\/\/api.w.org\/{rel}","templated":true}]}}