{"id":32765,"date":"2009-11-18T13:36:35","date_gmt":"2009-11-18T13:36:35","guid":{"rendered":"http:\/\/www.pcnen.com\/portal\/?p=32765"},"modified":"2009-11-18T13:36:35","modified_gmt":"2009-11-18T13:36:35","slug":"vujanovic-ce-prisustvovati-sahrani-patrijarha-pavla","status":"publish","type":"post","link":"https:\/\/www.pcnen.com\/portal\/2009\/11\/18\/vujanovic-ce-prisustvovati-sahrani-patrijarha-pavla\/","title":{"rendered":"Vujanovi\u0107 \u0107e prisustvovati sahrani patrijarha Pavla"},"content":{"rendered":"<p>Predsjednik Crne Gore Filip Vujanovi\u0107 prisustvova\u0107e sjutra u Beogradu opelu patrijarhu Pavlu, ispred hrama Svetog Save.<\/p>\n<p>Opelu \u0107e prisustvovati ministari zdravlja i kulture, sporta i medija Miodrag Radunovi\u0107 i Branislav Mi\u0107unovi\u0107.<\/p>\n<p>Patrijarh Pavle bi\u0107e sahranjen u beogradskom manastiru Rakovica.<\/p>\n","protected":false},"excerpt":{"rendered":"<p>Predsjednik Crne Gore Filip Vujanovi\u0107 prisustvova\u0107e sjutra u Beogradu opelu patrijarhu Pavlu, ispred hrama Svetog Save. Opelu \u0107e prisustvovati ministari zdravlja i kulture, sporta i medija Miodrag Radunovi\u0107 i Branislav Mi\u0107unovi\u0107. Patrijarh Pavle bi\u0107e sahranjen u beogradskom manastiru Rakovica.<\/p>\n","protected":false},"author":1,"featured_media":0,"comment_status":"open","ping_status":"closed","sticky":false,"template":"","format":"standard","meta":{"_seopress_robots_primary_cat":"","_seopress_titles_title":"","_seopress_titles_desc":"","_seopress_robots_index":"","_et_pb_use_builder":"","_et_pb_old_content":"","_et_gb_content_width":"","inline_featured_image":false,"footnotes":""},"categories":[14],"tags":[],"class_list":["post-32765","post","type-post","status-publish","format-standard","hentry","category-vijesti"],"_links":{"self":[{"href":"https:\/\/www.pcnen.com\/portal\/wp-json\/wp\/v2\/posts\/32765","targetHints":{"allow":["GET"]}}],"collection":[{"href":"https:\/\/www.pcnen.com\/portal\/wp-json\/wp\/v2\/posts"}],"about":[{"href":"https:\/\/www.pcnen.com\/portal\/wp-json\/wp\/v2\/types\/post"}],"author":[{"embeddable":true,"href":"https:\/\/www.pcnen.com\/portal\/wp-json\/wp\/v2\/users\/1"}],"replies":[{"embeddable":true,"href":"https:\/\/www.pcnen.com\/portal\/wp-json\/wp\/v2\/comments?post=32765"}],"version-history":[{"count":0,"href":"https:\/\/www.pcnen.com\/portal\/wp-json\/wp\/v2\/posts\/32765\/revisions"}],"wp:attachment":[{"href":"https:\/\/www.pcnen.com\/portal\/wp-json\/wp\/v2\/media?parent=32765"}],"wp:term":[{"taxonomy":"category","embeddable":true,"href":"https:\/\/www.pcnen.com\/portal\/wp-json\/wp\/v2\/categories?post=32765"},{"taxonomy":"post_tag","embeddable":true,"href":"https:\/\/www.pcnen.com\/portal\/wp-json\/wp\/v2\/tags?post=32765"}],"curies":[{"name":"wp","href":"https:\/\/api.w.org\/{rel}","templated":true}]}}