{"id":32760,"date":"2009-11-17T23:29:59","date_gmt":"2009-11-17T23:29:59","guid":{"rendered":"http:\/\/www.pcnen.com\/portal\/?p=32760"},"modified":"2009-11-17T23:29:59","modified_gmt":"2009-11-17T23:29:59","slug":"cern-planira-da-za-vikend-ponovo-pokrene-lhc","status":"publish","type":"post","link":"https:\/\/www.pcnen.com\/portal\/2009\/11\/17\/cern-planira-da-za-vikend-ponovo-pokrene-lhc\/","title":{"rendered":"CERN planira da za vikend ponovo pokrene LHC"},"content":{"rendered":"<p>Nakon popravke koja je trajala vi&scaron;e od godinu dana, Veliki hadronski kolajder (LHC), najve\u0107i akcelerator \u010destica koji je ikada sagra\u0111en, trebalo bi da tokom vikenda ponovo krene sa radom, saop&scaron;tila je danas Evropska organizacija za nuklearna istra\u017eivanja (CERN). <\/p>\n<p>Portparol CERN-a, D\u017eejms Gilis, izjavio je da istra\u017eiva\u010di nisu fiksirali ta\u010dan datum ponovnog pokretanja &quot;ma&scaron;ine za simuliranje velikog praska&quot;, prenosi <em>Tanjug<\/em>. <\/p>\n<p>Veliki hadronski kolajder, 27 kilometara dug podzemni tunel koji se prote\u017ee du\u017e granice izme\u0111u Francuske i &Scaron;vajcarske, pu&scaron;ten je u rad 10. septembra 2008. ali je zaustavljen svega 36 sati kasnije zbog kvara na magnetskim vodovima. <\/p>\n<p>Ure\u0111aj, vrijedan &scaron;est milijardi eura, slu\u017ei za razaranje \u010destica sa kataklizmi\u010dkom snagom \u010dime \u0107e se stvoriti uslovi najbli\u017ei onim koji su nastali neposredno poslije &quot;Velikog praska&quot;. <\/p>\n<p>Zahvaljuju\u0107i kolajderu, istra\u017eiva\u010di se nadaju da \u0107e prona\u0107i tragove &quot;crne materije&quot; od koje je teoretski satkano 96 odsto univerzuma i rije&scaron;iti misteriju &quot;Higzovog bozona&quot;, hipotetske \u010destice za koju se vjeruje da je klju\u010d za razumijevanje mase. <\/p>\n<p>U ovaj projekat su uklju\u010deni nau\u010dnici iz 80 zemalja.<\/p>\n","protected":false},"excerpt":{"rendered":"<p>Nakon popravke koja je trajala vi&scaron;e od godinu dana, Veliki hadronski kolajder (LHC), najve\u0107i akcelerator \u010destica koji je ikada sagra\u0111en, trebalo bi da tokom vikenda ponovo krene sa radom, saop&scaron;tila je danas Evropska organizacija za nuklearna istra\u017eivanja (CERN). Portparol CERN-a, D\u017eejms Gilis, izjavio je da istra\u017eiva\u010di nisu fiksirali ta\u010dan datum ponovnog pokretanja &quot;ma&scaron;ine za simuliranje [&hellip;]<\/p>\n","protected":false},"author":1,"featured_media":0,"comment_status":"open","ping_status":"closed","sticky":false,"template":"","format":"standard","meta":{"_seopress_robots_primary_cat":"","_seopress_titles_title":"","_seopress_titles_desc":"","_seopress_robots_index":"","_et_pb_use_builder":"","_et_pb_old_content":"","_et_gb_content_width":"","inline_featured_image":false,"footnotes":""},"categories":[14],"tags":[],"class_list":["post-32760","post","type-post","status-publish","format-standard","hentry","category-vijesti"],"_links":{"self":[{"href":"https:\/\/www.pcnen.com\/portal\/wp-json\/wp\/v2\/posts\/32760","targetHints":{"allow":["GET"]}}],"collection":[{"href":"https:\/\/www.pcnen.com\/portal\/wp-json\/wp\/v2\/posts"}],"about":[{"href":"https:\/\/www.pcnen.com\/portal\/wp-json\/wp\/v2\/types\/post"}],"author":[{"embeddable":true,"href":"https:\/\/www.pcnen.com\/portal\/wp-json\/wp\/v2\/users\/1"}],"replies":[{"embeddable":true,"href":"https:\/\/www.pcnen.com\/portal\/wp-json\/wp\/v2\/comments?post=32760"}],"version-history":[{"count":0,"href":"https:\/\/www.pcnen.com\/portal\/wp-json\/wp\/v2\/posts\/32760\/revisions"}],"wp:attachment":[{"href":"https:\/\/www.pcnen.com\/portal\/wp-json\/wp\/v2\/media?parent=32760"}],"wp:term":[{"taxonomy":"category","embeddable":true,"href":"https:\/\/www.pcnen.com\/portal\/wp-json\/wp\/v2\/categories?post=32760"},{"taxonomy":"post_tag","embeddable":true,"href":"https:\/\/www.pcnen.com\/portal\/wp-json\/wp\/v2\/tags?post=32760"}],"curies":[{"name":"wp","href":"https:\/\/api.w.org\/{rel}","templated":true}]}}