{"id":32757,"date":"2009-11-17T18:58:40","date_gmt":"2009-11-17T18:58:40","guid":{"rendered":"http:\/\/www.pcnen.com\/portal\/?p=32757"},"modified":"2009-11-17T18:58:40","modified_gmt":"2009-11-17T18:58:40","slug":"crna-gora-nece-na-eurosong","status":"publish","type":"post","link":"https:\/\/www.pcnen.com\/portal\/2009\/11\/17\/crna-gora-nece-na-eurosong\/","title":{"rendered":"Crna Gora ne\u0107e na Eurosong"},"content":{"rendered":"<p>Crna Gora ne\u0107e u\u010destvovati na 54. Eurosongu, koji \u0107e se sljede\u0107e godine odr\u017eati u Oslu, prenijela je <em>TV Vijesti<\/em>.<\/p>\n<p>Odluku je donio menad\u017ement javnog servisa u sklopu velikih napora za financijsku konsolidaciju <em>RTVCG. <\/em><\/p>\n<p>Crna Gora je poslije obnavljanja nezavisnosti tri puta u\u010destvovala na takmi\u010denju za najbolju pjesmu Evrope. Predstavljali su je Stevan Fedi, Stefan Filipovi\u0107 i Andrea Demirovi\u0107.<\/p>\n","protected":false},"excerpt":{"rendered":"<p>Crna Gora ne\u0107e u\u010destvovati na 54. Eurosongu, koji \u0107e se sljede\u0107e godine odr\u017eati u Oslu, prenijela je TV Vijesti. Odluku je donio menad\u017ement javnog servisa u sklopu velikih napora za financijsku konsolidaciju RTVCG. Crna Gora je poslije obnavljanja nezavisnosti tri puta u\u010destvovala na takmi\u010denju za najbolju pjesmu Evrope. Predstavljali su je Stevan Fedi, Stefan Filipovi\u0107 [&hellip;]<\/p>\n","protected":false},"author":1,"featured_media":0,"comment_status":"open","ping_status":"closed","sticky":false,"template":"","format":"standard","meta":{"_seopress_robots_primary_cat":"","_seopress_titles_title":"","_seopress_titles_desc":"","_seopress_robots_index":"","_et_pb_use_builder":"","_et_pb_old_content":"","_et_gb_content_width":"","inline_featured_image":false,"footnotes":""},"categories":[14],"tags":[],"class_list":["post-32757","post","type-post","status-publish","format-standard","hentry","category-vijesti"],"_links":{"self":[{"href":"https:\/\/www.pcnen.com\/portal\/wp-json\/wp\/v2\/posts\/32757","targetHints":{"allow":["GET"]}}],"collection":[{"href":"https:\/\/www.pcnen.com\/portal\/wp-json\/wp\/v2\/posts"}],"about":[{"href":"https:\/\/www.pcnen.com\/portal\/wp-json\/wp\/v2\/types\/post"}],"author":[{"embeddable":true,"href":"https:\/\/www.pcnen.com\/portal\/wp-json\/wp\/v2\/users\/1"}],"replies":[{"embeddable":true,"href":"https:\/\/www.pcnen.com\/portal\/wp-json\/wp\/v2\/comments?post=32757"}],"version-history":[{"count":0,"href":"https:\/\/www.pcnen.com\/portal\/wp-json\/wp\/v2\/posts\/32757\/revisions"}],"wp:attachment":[{"href":"https:\/\/www.pcnen.com\/portal\/wp-json\/wp\/v2\/media?parent=32757"}],"wp:term":[{"taxonomy":"category","embeddable":true,"href":"https:\/\/www.pcnen.com\/portal\/wp-json\/wp\/v2\/categories?post=32757"},{"taxonomy":"post_tag","embeddable":true,"href":"https:\/\/www.pcnen.com\/portal\/wp-json\/wp\/v2\/tags?post=32757"}],"curies":[{"name":"wp","href":"https:\/\/api.w.org\/{rel}","templated":true}]}}