{"id":32756,"date":"2009-11-17T15:59:20","date_gmt":"2009-11-17T15:59:20","guid":{"rendered":"http:\/\/www.pcnen.com\/portal\/?p=32756"},"modified":"2009-11-17T15:59:20","modified_gmt":"2009-11-17T15:59:20","slug":"forca-predleze-otvaranje-konzultata-albanije-u-ulcinju","status":"publish","type":"post","link":"https:\/\/www.pcnen.com\/portal\/2009\/11\/17\/forca-predleze-otvaranje-konzultata-albanije-u-ulcinju\/","title":{"rendered":"Forca predle\u017ee otvaranje konzultata Albanije u Ulcinju"},"content":{"rendered":"<p>&quot;Vjerujemo da \u0107e ovakva iniciativa biti podr\u017eana i od strane Vlade Albanije i da \u0107e ovo pitanje biti u fokusu albanske diplomatije&quot;, poru\u010duju iz Force. <\/p>\n<p>Da sjedi&scaron;te konzulata bude u Ulcinju smatraju logi\u010dnim, jer je taj grad &bdquo;sredi&scaron;te Albanaca u Crnoj Gori&quot;. &bdquo;Nema dileme da \u0107e jedan ovakav \u010din Ulcinju vratiti imid\u017e iz pro&scaron;losti, jer podaci kazuju da je Ulcinj u srednjem vijeku imao autonomnu upravu, gdje su neke zemlje imale svoje konzulate&quot;, saop&scaron;teno je iz Force.<\/p>\n","protected":false},"excerpt":{"rendered":"<p>Forca, politi\u010dka partija Albanaca u Crnoj Gori, inicirala je otvaranje konzulata Republike Albanije u Crnoj Gori, ta\u010dnije u Ulcinju.<\/p>\n","protected":false},"author":1,"featured_media":0,"comment_status":"open","ping_status":"closed","sticky":false,"template":"","format":"standard","meta":{"_seopress_robots_primary_cat":"","_seopress_titles_title":"","_seopress_titles_desc":"","_seopress_robots_index":"","_et_pb_use_builder":"","_et_pb_old_content":"","_et_gb_content_width":"","inline_featured_image":false,"footnotes":""},"categories":[14],"tags":[],"class_list":["post-32756","post","type-post","status-publish","format-standard","hentry","category-vijesti"],"_links":{"self":[{"href":"https:\/\/www.pcnen.com\/portal\/wp-json\/wp\/v2\/posts\/32756","targetHints":{"allow":["GET"]}}],"collection":[{"href":"https:\/\/www.pcnen.com\/portal\/wp-json\/wp\/v2\/posts"}],"about":[{"href":"https:\/\/www.pcnen.com\/portal\/wp-json\/wp\/v2\/types\/post"}],"author":[{"embeddable":true,"href":"https:\/\/www.pcnen.com\/portal\/wp-json\/wp\/v2\/users\/1"}],"replies":[{"embeddable":true,"href":"https:\/\/www.pcnen.com\/portal\/wp-json\/wp\/v2\/comments?post=32756"}],"version-history":[{"count":0,"href":"https:\/\/www.pcnen.com\/portal\/wp-json\/wp\/v2\/posts\/32756\/revisions"}],"wp:attachment":[{"href":"https:\/\/www.pcnen.com\/portal\/wp-json\/wp\/v2\/media?parent=32756"}],"wp:term":[{"taxonomy":"category","embeddable":true,"href":"https:\/\/www.pcnen.com\/portal\/wp-json\/wp\/v2\/categories?post=32756"},{"taxonomy":"post_tag","embeddable":true,"href":"https:\/\/www.pcnen.com\/portal\/wp-json\/wp\/v2\/tags?post=32756"}],"curies":[{"name":"wp","href":"https:\/\/api.w.org\/{rel}","templated":true}]}}