{"id":32736,"date":"2009-11-16T17:46:39","date_gmt":"2009-11-16T17:46:39","guid":{"rendered":"http:\/\/www.pcnen.com\/portal\/?p=32736"},"modified":"2009-11-16T17:46:39","modified_gmt":"2009-11-16T17:46:39","slug":"vanredni-voz-iz-cg-pred-sahranu-patrijarha-pavla","status":"publish","type":"post","link":"https:\/\/www.pcnen.com\/portal\/2009\/11\/16\/vanredni-voz-iz-cg-pred-sahranu-patrijarha-pavla\/","title":{"rendered":"Vanredni voz iz CG pred sahranu patrijarha Pavla"},"content":{"rendered":"<p>Vanredni voz za vjernike iz Crne Gore koji \u017eele da prisustvuju sahrani patrijarha Srpske pravoslavne crkve Pavla, bi\u0107e uveden u srijedu, 18. novembra, rekao je agenciji <em>Beta<\/em> paroh podgori\u010dke crkvene op&scaron;tine Velibor D\u017eomi\u0107.<\/p>\n<p>Voz \u0107e krenuti iz Bara u srijedu uve\u010de.<\/p>\n<p>D\u017eomi\u0107 je kazao da se &quot;vi&scaron;e hiljada vjernika&quot; sprema da ode na sahranu vozovima, autobusima i automobilima.<\/p>\n<p>Patrijarh Pavle koji je ju\u010de preminuo u 96. godini, bi\u0107e sahranjen u \u010detvrtak, u 13 \u010dasova, u Manastiru Rakovica. <\/p>\n","protected":false},"excerpt":{"rendered":"<p>Vanredni voz za vjernike iz Crne Gore koji \u017eele da prisustvuju sahrani patrijarha Srpske pravoslavne crkve Pavla, bi\u0107e uveden u srijedu, 18. novembra, rekao je agenciji Beta paroh podgori\u010dke crkvene op&scaron;tine Velibor D\u017eomi\u0107. Voz \u0107e krenuti iz Bara u srijedu uve\u010de. D\u017eomi\u0107 je kazao da se &quot;vi&scaron;e hiljada vjernika&quot; sprema da ode na sahranu vozovima, [&hellip;]<\/p>\n","protected":false},"author":1,"featured_media":0,"comment_status":"open","ping_status":"closed","sticky":false,"template":"","format":"standard","meta":{"_seopress_robots_primary_cat":"","_seopress_titles_title":"","_seopress_titles_desc":"","_seopress_robots_index":"","_et_pb_use_builder":"","_et_pb_old_content":"","_et_gb_content_width":"","inline_featured_image":false,"footnotes":""},"categories":[14],"tags":[],"class_list":["post-32736","post","type-post","status-publish","format-standard","hentry","category-vijesti"],"_links":{"self":[{"href":"https:\/\/www.pcnen.com\/portal\/wp-json\/wp\/v2\/posts\/32736","targetHints":{"allow":["GET"]}}],"collection":[{"href":"https:\/\/www.pcnen.com\/portal\/wp-json\/wp\/v2\/posts"}],"about":[{"href":"https:\/\/www.pcnen.com\/portal\/wp-json\/wp\/v2\/types\/post"}],"author":[{"embeddable":true,"href":"https:\/\/www.pcnen.com\/portal\/wp-json\/wp\/v2\/users\/1"}],"replies":[{"embeddable":true,"href":"https:\/\/www.pcnen.com\/portal\/wp-json\/wp\/v2\/comments?post=32736"}],"version-history":[{"count":0,"href":"https:\/\/www.pcnen.com\/portal\/wp-json\/wp\/v2\/posts\/32736\/revisions"}],"wp:attachment":[{"href":"https:\/\/www.pcnen.com\/portal\/wp-json\/wp\/v2\/media?parent=32736"}],"wp:term":[{"taxonomy":"category","embeddable":true,"href":"https:\/\/www.pcnen.com\/portal\/wp-json\/wp\/v2\/categories?post=32736"},{"taxonomy":"post_tag","embeddable":true,"href":"https:\/\/www.pcnen.com\/portal\/wp-json\/wp\/v2\/tags?post=32736"}],"curies":[{"name":"wp","href":"https:\/\/api.w.org\/{rel}","templated":true}]}}