{"id":32735,"date":"2009-11-16T15:48:08","date_gmt":"2009-11-16T15:48:08","guid":{"rendered":"http:\/\/www.pcnen.com\/portal\/?p=32735"},"modified":"2009-11-16T15:48:08","modified_gmt":"2009-11-16T15:48:08","slug":"dukanovic-uputio-telegram-saucesca-svetom-sinodu-spc","status":"publish","type":"post","link":"https:\/\/www.pcnen.com\/portal\/2009\/11\/16\/dukanovic-uputio-telegram-saucesca-svetom-sinodu-spc\/","title":{"rendered":"\u0110ukanovi\u0107 uputio telegram sau\u010de\u0161\u0107a Svetom sinodu SPC"},"content":{"rendered":"<p>Crnogorski premijer Milo \u0110ukanovi\u0107 je u ime Vlade i svoje li\u010dno ime uputio danas telegram sau\u010de&scaron;\u0107a Sinodu SPC povodom smrti patrijarha Pavla.<\/p>\n<p>&quot;Srpska pravoslavna crkva i njeni vjernici izgubili su duhovnog vo\u0111u koji je svojim na\u010dinom \u017eivota, mudro&scaron;\u0107u i blago&scaron;\u0107u pomjerio granice duhovnog poimanja svijeta, \u010dime je zaslu\u017eio trajno po&scaron;tovanje. <\/p>\n<p>Smrt Patrijarha Pavla gubitak je za cijeli pravoslavni svijet i za sve ljude dobre volje. <\/p>\n<p>Ova vijest rastu\u017eila je i gra\u0111ane Crne Gore, koji su duboko uva\u017eavali njegov duhovni put utemeljen na svevremenim hri&scaron;\u0107anskim vrlinama i njegovanju neprolaznih vrijednosti \u010dovje\u010danstva. <\/p>\n<p>Klanjamo se njegovim sjenima&quot;, poru\u010dio je&nbsp;crnogorski premijer&nbsp;u telegramu sau\u010de&scaron;\u0107a.<\/p>\n","protected":false},"excerpt":{"rendered":"<p>Crnogorski premijer Milo \u0110ukanovi\u0107 je u ime Vlade i svoje li\u010dno ime uputio danas telegram sau\u010de&scaron;\u0107a Sinodu SPC povodom smrti patrijarha Pavla. &quot;Srpska pravoslavna crkva i njeni vjernici izgubili su duhovnog vo\u0111u koji je svojim na\u010dinom \u017eivota, mudro&scaron;\u0107u i blago&scaron;\u0107u pomjerio granice duhovnog poimanja svijeta, \u010dime je zaslu\u017eio trajno po&scaron;tovanje. Smrt Patrijarha Pavla gubitak je [&hellip;]<\/p>\n","protected":false},"author":1,"featured_media":0,"comment_status":"open","ping_status":"closed","sticky":false,"template":"","format":"standard","meta":{"_seopress_robots_primary_cat":"","_seopress_titles_title":"","_seopress_titles_desc":"","_seopress_robots_index":"","_et_pb_use_builder":"","_et_pb_old_content":"","_et_gb_content_width":"","inline_featured_image":false,"footnotes":""},"categories":[14],"tags":[],"class_list":["post-32735","post","type-post","status-publish","format-standard","hentry","category-vijesti"],"_links":{"self":[{"href":"https:\/\/www.pcnen.com\/portal\/wp-json\/wp\/v2\/posts\/32735","targetHints":{"allow":["GET"]}}],"collection":[{"href":"https:\/\/www.pcnen.com\/portal\/wp-json\/wp\/v2\/posts"}],"about":[{"href":"https:\/\/www.pcnen.com\/portal\/wp-json\/wp\/v2\/types\/post"}],"author":[{"embeddable":true,"href":"https:\/\/www.pcnen.com\/portal\/wp-json\/wp\/v2\/users\/1"}],"replies":[{"embeddable":true,"href":"https:\/\/www.pcnen.com\/portal\/wp-json\/wp\/v2\/comments?post=32735"}],"version-history":[{"count":0,"href":"https:\/\/www.pcnen.com\/portal\/wp-json\/wp\/v2\/posts\/32735\/revisions"}],"wp:attachment":[{"href":"https:\/\/www.pcnen.com\/portal\/wp-json\/wp\/v2\/media?parent=32735"}],"wp:term":[{"taxonomy":"category","embeddable":true,"href":"https:\/\/www.pcnen.com\/portal\/wp-json\/wp\/v2\/categories?post=32735"},{"taxonomy":"post_tag","embeddable":true,"href":"https:\/\/www.pcnen.com\/portal\/wp-json\/wp\/v2\/tags?post=32735"}],"curies":[{"name":"wp","href":"https:\/\/api.w.org\/{rel}","templated":true}]}}