{"id":32724,"date":"2009-11-16T11:53:12","date_gmt":"2009-11-16T11:53:12","guid":{"rendered":"http:\/\/www.pcnen.com\/portal\/?p=32724"},"modified":"2009-11-16T11:53:12","modified_gmt":"2009-11-16T11:53:12","slug":"predsjednik-ns-trazi-makar-dan-zalosti","status":"publish","type":"post","link":"https:\/\/www.pcnen.com\/portal\/2009\/11\/16\/predsjednik-ns-trazi-makar-dan-zalosti\/","title":{"rendered":"Predsjednik NS tra\u017ei makar dan \u017ealosti"},"content":{"rendered":"<p>Predsjednik Narodne stranke Predrag Popovi\u0107 je pozvao predsjednika Crne Gore Filipa Vujanovi\u0107a i premijera Mila \u0110ukanovi\u0107a, da proglase bar jedan dan \u017ealosti u Crnoj Gori povodom smrti Njegove Svetosti patrijarha srpskog Pavla.<\/p>\n<p>&quot;Ne treba da vas podsje\u0107am da je Patrijarh Pavle vrhovni poglavar jedine kanonske Pravoslavne crkve u Crnoj Gori, Mitropolije Crnogorsko-primorske i drugih episkopija SPC, koje djeluju u Crnoj Gori, i da bi time i Crna Gora ispo&scaron;tovala svog vjerskog poglavara, koji nas je zadu\u017eio djelom, rije\u010dju i \u017eivotom svetitelja, da se mo\u017eemo pred svim vjerskim konfesijama, ne samo pravoslavnim, ponositi &scaron;to smo ga takvog imali. <\/p>\n<p>Ne zaboravite, gospodo predsjednici, da nije bilo Pravoslavne crkve, ne bi bilo ni dana&scaron;nje Crne Gore kojom vi upravljate&quot;, poru\u010dio je Popovi\u0107.<\/p>\n<p>On je naveo da bi progla&scaron;enjem dana \u017ealosti &quot;ispo&scaron;tovali i slavnu crnogorsku istoriju, njene istorijske temelje, njenu Crkvu i njene vjeruju\u0107e \u017eitelje, koji su se nedvosmisleno i plebiscitarno izjasnili da je jedina njihova Crkva ova na \u010dijem tronu stoluje dostojni naslednik Sv. Petra Cetinjskog, arhiepiskop Amfilohije&quot;. <\/p>\n","protected":false},"excerpt":{"rendered":"<p>Predsjednik Narodne stranke Predrag Popovi\u0107 je pozvao predsjednika Crne Gore Filipa Vujanovi\u0107a i premijera Mila \u0110ukanovi\u0107a, da proglase bar jedan dan \u017ealosti u Crnoj Gori povodom smrti Njegove Svetosti patrijarha srpskog Pavla. &quot;Ne treba da vas podsje\u0107am da je Patrijarh Pavle vrhovni poglavar jedine kanonske Pravoslavne crkve u Crnoj Gori, Mitropolije Crnogorsko-primorske i drugih episkopija [&hellip;]<\/p>\n","protected":false},"author":1,"featured_media":0,"comment_status":"open","ping_status":"closed","sticky":false,"template":"","format":"standard","meta":{"_seopress_robots_primary_cat":"","_seopress_titles_title":"","_seopress_titles_desc":"","_seopress_robots_index":"","_et_pb_use_builder":"","_et_pb_old_content":"","_et_gb_content_width":"","inline_featured_image":false,"footnotes":""},"categories":[14],"tags":[],"class_list":["post-32724","post","type-post","status-publish","format-standard","hentry","category-vijesti"],"_links":{"self":[{"href":"https:\/\/www.pcnen.com\/portal\/wp-json\/wp\/v2\/posts\/32724","targetHints":{"allow":["GET"]}}],"collection":[{"href":"https:\/\/www.pcnen.com\/portal\/wp-json\/wp\/v2\/posts"}],"about":[{"href":"https:\/\/www.pcnen.com\/portal\/wp-json\/wp\/v2\/types\/post"}],"author":[{"embeddable":true,"href":"https:\/\/www.pcnen.com\/portal\/wp-json\/wp\/v2\/users\/1"}],"replies":[{"embeddable":true,"href":"https:\/\/www.pcnen.com\/portal\/wp-json\/wp\/v2\/comments?post=32724"}],"version-history":[{"count":0,"href":"https:\/\/www.pcnen.com\/portal\/wp-json\/wp\/v2\/posts\/32724\/revisions"}],"wp:attachment":[{"href":"https:\/\/www.pcnen.com\/portal\/wp-json\/wp\/v2\/media?parent=32724"}],"wp:term":[{"taxonomy":"category","embeddable":true,"href":"https:\/\/www.pcnen.com\/portal\/wp-json\/wp\/v2\/categories?post=32724"},{"taxonomy":"post_tag","embeddable":true,"href":"https:\/\/www.pcnen.com\/portal\/wp-json\/wp\/v2\/tags?post=32724"}],"curies":[{"name":"wp","href":"https:\/\/api.w.org\/{rel}","templated":true}]}}