{"id":32720,"date":"2009-11-16T10:04:55","date_gmt":"2009-11-16T10:04:55","guid":{"rendered":"http:\/\/www.pcnen.com\/portal\/?p=32720"},"modified":"2009-11-16T10:04:55","modified_gmt":"2009-11-16T10:04:55","slug":"fra-marko-borac-za-dostojanstvo-pravoslavlja-i-cijeloga-hriscanstva","status":"publish","type":"post","link":"https:\/\/www.pcnen.com\/portal\/2009\/11\/16\/fra-marko-borac-za-dostojanstvo-pravoslavlja-i-cijeloga-hriscanstva\/","title":{"rendered":"Fra Marko: Borac za dostojanstvo pravoslavlja i cijeloga hri\u0161\u0107anstva"},"content":{"rendered":"<p>Patrijarh Pavle se, nekad s manje, a nekada s vi&scaron;e uspjeha, trudio da sa\u010duva dostojanstvo pravoslavlja i cijelog hri&scaron;\u0107anstva, ali da je &quot;i on bio podlo\u017ean sna\u017enim politi\u010dkim manipulacijama, jer nije imao dovoljno snage da im se odupre&quot;, kazao je bosanski franjevac, fra Marko Or&scaron;oli\u0107 za <em>Doj\u010de ve\u010de.<\/em><\/p>\n<p>Fra Marko isti\u010de da je, kako za druge vjerske zajednice na ovim prostorima, tako je i za Srpsku pravoslavnu crkvu tipi\u010dno da se povremeno mije&scaron;a u politiku. Dodaje da stoga nije iznena\u0111en \u010dinjenicom da je Sveti Arhijerejski Sabor SPC u januaru 1992. godine potvrdio da ne priznaje AVNOJ-ske granice dr\u017eava, biv&scaron;ih jugoslovenskih republika. <\/p>\n","protected":false},"excerpt":{"rendered":"<p>Patrijarh Pavle se, nekad s manje, a nekada s vi&scaron;e uspjeha, trudio da sa\u010duva dostojanstvo pravoslavlja i cijelog hri&scaron;\u0107anstva, ali da je &quot;i on bio podlo\u017ean sna\u017enim politi\u010dkim manipulacijama, jer nije imao dovoljno snage da im se odupre&quot;, kazao je bosanski franjevac, fra Marko Or&scaron;oli\u0107 za Doj\u010de ve\u010de. Fra Marko isti\u010de da je, kako za [&hellip;]<\/p>\n","protected":false},"author":1,"featured_media":0,"comment_status":"open","ping_status":"closed","sticky":false,"template":"","format":"standard","meta":{"_seopress_robots_primary_cat":"","_seopress_titles_title":"","_seopress_titles_desc":"","_seopress_robots_index":"","_et_pb_use_builder":"","_et_pb_old_content":"","_et_gb_content_width":"","inline_featured_image":false,"footnotes":""},"categories":[14],"tags":[],"class_list":["post-32720","post","type-post","status-publish","format-standard","hentry","category-vijesti"],"_links":{"self":[{"href":"https:\/\/www.pcnen.com\/portal\/wp-json\/wp\/v2\/posts\/32720","targetHints":{"allow":["GET"]}}],"collection":[{"href":"https:\/\/www.pcnen.com\/portal\/wp-json\/wp\/v2\/posts"}],"about":[{"href":"https:\/\/www.pcnen.com\/portal\/wp-json\/wp\/v2\/types\/post"}],"author":[{"embeddable":true,"href":"https:\/\/www.pcnen.com\/portal\/wp-json\/wp\/v2\/users\/1"}],"replies":[{"embeddable":true,"href":"https:\/\/www.pcnen.com\/portal\/wp-json\/wp\/v2\/comments?post=32720"}],"version-history":[{"count":0,"href":"https:\/\/www.pcnen.com\/portal\/wp-json\/wp\/v2\/posts\/32720\/revisions"}],"wp:attachment":[{"href":"https:\/\/www.pcnen.com\/portal\/wp-json\/wp\/v2\/media?parent=32720"}],"wp:term":[{"taxonomy":"category","embeddable":true,"href":"https:\/\/www.pcnen.com\/portal\/wp-json\/wp\/v2\/categories?post=32720"},{"taxonomy":"post_tag","embeddable":true,"href":"https:\/\/www.pcnen.com\/portal\/wp-json\/wp\/v2\/tags?post=32720"}],"curies":[{"name":"wp","href":"https:\/\/api.w.org\/{rel}","templated":true}]}}