{"id":32713,"date":"2009-11-15T21:23:08","date_gmt":"2009-11-15T21:23:08","guid":{"rendered":"http:\/\/www.pcnen.com\/portal\/?p=32713"},"modified":"2009-11-15T21:23:08","modified_gmt":"2009-11-15T21:23:08","slug":"istrazivanje-ko-je-kriv-za-rat","status":"publish","type":"post","link":"https:\/\/www.pcnen.com\/portal\/2009\/11\/15\/istrazivanje-ko-je-kriv-za-rat\/","title":{"rendered":"Istra\u017eivanje: Ko je kriv za rat?"},"content":{"rendered":"<p>Prema rezultati velikog istra\u017eivanja, koje je sproveo Bo\u017eo Skoko sa Fakulteta politi\u010dkih znanosti u Zagrebu, Franja Tu\u0111mana 11 odsto Hrvata smatra krivim za rat na prostoru biv&scaron;e Jugoslavije, pi&scaron;e zagreba\u010dki nedjeljnik <em>Globus<\/em>.<\/p>\n<p>Da je Slobodan Milo&scaron;evi\u0107 najodgovorniji tvrdi 18 odsto gra\u0111ana Srbije, dok 15 odsto ispitanika u Bosni i Hercegovini krivcem smatra Aliju Izetbegovi\u0107a.<\/p>\n<p>Iako, 10,9 odsto gra\u0111ana Hrvatske navodi da je za ratove u Hrvatskoj i BiH najdogovorniji Franjo Tu\u0111man, gra\u0111ani Srbije su jo&scaron; kriti\u010dniji prema svom biv&scaron;em predsjedniku. \u010cak 18 odsto ispitanika u Srbiji najdogovornijim za po\u010detak ratova, devedesetih godina, smatra Slobodana Milo&scaron;evi\u0107a, prenosi <em>RTS<\/em>.<\/p>\n<p>Kada je Alija Izetbegovi\u0107 u pitanja, kao najdogovrnijeg za ratne sukobe vidi ga 15 posto ispitanika u BiH. Ovaj rezultat istra\u017eivanja je specifi\u010dan, po&scaron;to je BiH dr\u017eava tri konstitutivna naroda, pa se mo\u017ee pretpostaviti da Izetbegovi\u0107a u najve\u0107oj mjeri okrivljuju ispitanici srpske i hrvatske nacionalnosti.<\/p>\n<p>Ispitanici su Me\u0111unarodnu zajednicu, tako\u0111e, vidjeli kao krivca za ratove na prostoru SFRJ, ali ne u svim dr\u017eavama podjednako. Njenu krivicu najvi&scaron;e isti\u010du u Srbiji, 36 posto ispitanih, 28 posto ispitanika iz BiH, 23 posto isptanika iz Makedonije i 17 posto ispitanika iz Crne Gore.<\/p>\n<p>U Hrvatskoj i Sloveniji ne vide Me\u0111unarodnu zajednicu kao krivca za eskalaciju ratnih sukoba, pa je tako kao krivca navodi svega 2,1 odsto ispitanih u Hrvatskoj.<\/p>\n<p>Milo&scaron;evi\u0107u najve\u0107u odgovornost za rat pripisuju ispitanici u BiH (34 posto) i Makedoniji (29 posto). U Hrvatskoj ga najve\u0107im krivcem za rat smatra 28,6 odsto ispitanika, u Sloveniji 28 a u Crnoj Gori 25 odsto njih.<\/p>\n<p>Tu\u0111mana najodgovornijim za rat smatra 23 odsto ispitanika u BiH, 21 odsto u Srbiji i Crnoj Gori, 15 posto ispitanika u Makedoniji i 7 posto ispitanih u Sloveniji.<\/p>\n<p>Zanimljiv je podatak da u Sloveniji najmanje ispitanih okrivljuju Tu\u0111mana za po\u010detak ratnih sukoba, manje nego u Hrvatskoj.<\/p>\n<p>Obimno terensko istra\u017eivanje o krivcima za rat na prostoru biv&scaron;e Jugoslavije Bo\u017eo Skoko je sproveo na uzorku od 6.087 ispitanika u svih &scaron;est dr\u017eava biv&scaron;e Jugoslavije, Sloveniji, Hrvatskoj, BiH, Srbiji, Crnoj Gori i Makedoniji.<\/p>\n","protected":false},"excerpt":{"rendered":"<p>Prema rezultati velikog istra\u017eivanja, koje je sproveo Bo\u017eo Skoko sa Fakulteta politi\u010dkih znanosti u Zagrebu, Franja Tu\u0111mana 11 odsto Hrvata smatra krivim za rat na prostoru biv&scaron;e Jugoslavije, pi&scaron;e zagreba\u010dki nedjeljnik Globus. Da je Slobodan Milo&scaron;evi\u0107 najodgovorniji tvrdi 18 odsto gra\u0111ana Srbije, dok 15 odsto ispitanika u Bosni i Hercegovini krivcem smatra Aliju Izetbegovi\u0107a. Iako, [&hellip;]<\/p>\n","protected":false},"author":1,"featured_media":0,"comment_status":"open","ping_status":"closed","sticky":false,"template":"","format":"standard","meta":{"_seopress_robots_primary_cat":"","_seopress_titles_title":"","_seopress_titles_desc":"","_seopress_robots_index":"","_et_pb_use_builder":"","_et_pb_old_content":"","_et_gb_content_width":"","inline_featured_image":false,"footnotes":""},"categories":[14],"tags":[],"class_list":["post-32713","post","type-post","status-publish","format-standard","hentry","category-vijesti"],"_links":{"self":[{"href":"https:\/\/www.pcnen.com\/portal\/wp-json\/wp\/v2\/posts\/32713","targetHints":{"allow":["GET"]}}],"collection":[{"href":"https:\/\/www.pcnen.com\/portal\/wp-json\/wp\/v2\/posts"}],"about":[{"href":"https:\/\/www.pcnen.com\/portal\/wp-json\/wp\/v2\/types\/post"}],"author":[{"embeddable":true,"href":"https:\/\/www.pcnen.com\/portal\/wp-json\/wp\/v2\/users\/1"}],"replies":[{"embeddable":true,"href":"https:\/\/www.pcnen.com\/portal\/wp-json\/wp\/v2\/comments?post=32713"}],"version-history":[{"count":0,"href":"https:\/\/www.pcnen.com\/portal\/wp-json\/wp\/v2\/posts\/32713\/revisions"}],"wp:attachment":[{"href":"https:\/\/www.pcnen.com\/portal\/wp-json\/wp\/v2\/media?parent=32713"}],"wp:term":[{"taxonomy":"category","embeddable":true,"href":"https:\/\/www.pcnen.com\/portal\/wp-json\/wp\/v2\/categories?post=32713"},{"taxonomy":"post_tag","embeddable":true,"href":"https:\/\/www.pcnen.com\/portal\/wp-json\/wp\/v2\/tags?post=32713"}],"curies":[{"name":"wp","href":"https:\/\/api.w.org\/{rel}","templated":true}]}}